{"id":22328,"date":"2022-09-19T18:15:55","date_gmt":"2022-09-19T18:15:55","guid":{"rendered":"http:\/\/www.iceagetv.com\/radiosite\/?p=22328"},"modified":"2022-09-19T18:15:55","modified_gmt":"2022-09-19T18:15:55","slug":"loire-le-pere-de-deux-fillettes-defenestrees-au-chambon-feugerolles-a-ete-mis-en-examen-pour-homicide-involontaire-et-blessures-involontaires-et-a-ete-ecroue","status":"publish","type":"post","link":"https:\/\/www.iceagetv.com\/radiosite\/loire-le-pere-de-deux-fillettes-defenestrees-au-chambon-feugerolles-a-ete-mis-en-examen-pour-homicide-involontaire-et-blessures-involontaires-et-a-ete-ecroue\/","title":{"rendered":"Loire: Le p\u00e8re de\u00a0deux fillettes d\u00e9fenestr\u00e9es\u00a0au Chambon-Feugerolles a \u00e9t\u00e9 mis en examen pour homicide involontaire et blessures involontaires et a \u00e9t\u00e9 \u00e9crou\u00e9"},"content":{"rendered":"\n<p>Le p\u00e8re de&nbsp;deux fillettes d\u00e9fenestr\u00e9es vendredi&nbsp;au Chambon-Feugerolles (Loire), dont l\u2019une est d\u00e9c\u00e9d\u00e9e, a \u00e9t\u00e9 mis en examen pour homicide involontaire et blessures involontaires et \u00e9crou\u00e9 ce dimanche, a-t-on appris aupr\u00e8s du parquet de Saint-Etienne.<\/p>\n\n\n\n<p>L\u2019information judiciaire ouverte dimanche matin contre cet homme de 22 ans porte sur des faits d\u00e9lictuels d\u2019homicide involontaire sur la fillette de deux ans qui est d\u00e9c\u00e9d\u00e9e et de blessures involontaires avec une Interruption totale de travail (ITT) sup\u00e9rieure \u00e0 trois mois pour sa s\u0153ur de quatre ans, a pr\u00e9cis\u00e9 le procureur de la R\u00e9publique de Saint-Etienne, David Charmatz.<\/p>\n\n\n\n<p>Cette derni\u00e8re est hospitalis\u00e9e en r\u00e9animation p\u00e9diatrique au CHU de Lyon-Bron, dans un \u00e9tat grave. L\u2019usage de stup\u00e9fiants est aussi vis\u00e9 au r\u00e9quisitoire introductif, la toxicomanie du mis en cause, plac\u00e9 en d\u00e9tention provisoire, \u00e9tant av\u00e9r\u00e9e. Les investigations men\u00e9es n\u2019ont pas permis d\u2019\u00e9tablir que les mineures ont \u00e9t\u00e9 d\u00e9lib\u00e9r\u00e9ment projet\u00e9es par leur p\u00e8re depuis une fen\u00eatre de l\u2019appartement familial situ\u00e9 au 3\u00e8me \u00e9tage, a expliqu\u00e9 le procureur dans un communiqu\u00e9.<\/p>\n\n\n\n<p>\u00ab\u00a0M\u00eame si l\u2019int\u00e9ress\u00e9 n\u2019apporte aucun t\u00e9moignage sur le d\u00e9roulement des faits, auxquels il dit n\u2019avoir pas assist\u00e9, expliquant s\u2019\u00eatre endormi et avoir un trou noir, les constatations sur place et l\u2019enqu\u00eate de voisinage conduisent, en l\u2019\u00e9tat, \u00e0 privil\u00e9gier la piste d\u2019une chute accidentelle des deux fillettes qui ont pu vouloir se saisir de leur chat, grimp\u00e9 sur le rebord de la fen\u00eatre et qui a lui-aussi chut\u00e9\u00a0\u00bb, a poursuivi le magistrat.<\/p>\n\n\n\n<p>Il a ajout\u00e9 que&nbsp;\u00ab\u00a0la famille \u00e9tait connue et \u00e9paul\u00e9e par divers services m\u00e9dico-sociaux depuis 2020, avec certaines difficult\u00e9s car la m\u00e8re, actuellement domicili\u00e9e dans l\u2019Ain, avait d\u00e9m\u00e9nag\u00e9 plusieurs fois\u00a0\u00bb.<\/p>\n\n\n\n<p>\u00ab\u00a0Une mesure d\u2019assistance \u00e9ducative \u00e0 domicile, accept\u00e9e par le p\u00e8re qui s\u2019occupait seul de ses enfants depuis quelques mois, devait \u00eatre mise en \u0153uvre par les services du conseil d\u00e9partemental. Compte-tenu des faits et de la situation des parents, le juge des enfants sera saisi en assistance \u00e9ducative de la situation de l\u2019enfant de quatre ans\u00a0\u00bb, a conclu le procureur.<\/p>\n","protected":false},"excerpt":{"rendered":"<p>Le p\u00e8re de&nbsp;deux fillettes d\u00e9fenestr\u00e9es vendredi&nbsp;au Chambon-Feugerolles (Loire), dont l\u2019une est d\u00e9c\u00e9d\u00e9e, a \u00e9t\u00e9 mis en examen pour homicide involontaire et blessures involontaires et \u00e9crou\u00e9 ce dimanche, a-t-on appris aupr\u00e8s du parquet de Saint-Etienne. L\u2019information judiciaire ouverte dimanche matin contre cet homme de 22 ans porte sur des faits d\u00e9lictuels d\u2019homicide involontaire sur la fillette [&hellip;]<\/p>\n","protected":false},"author":2,"featured_media":22235,"comment_status":"open","ping_status":"open","sticky":false,"template":"","format":"standard","meta":{"_jetpack_memberships_contains_paid_content":false,"footnotes":"","jetpack_publicize_message":"","jetpack_publicize_feature_enabled":true,"jetpack_social_post_already_shared":true,"jetpack_social_options":{"image_generator_settings":{"template":"highway","default_image_id":0,"font":"","enabled":false},"version":2},"_wpas_customize_per_network":false},"categories":[405],"tags":[],"class_list":["post-22328","post","type-post","status-publish","format-standard","has-post-thumbnail","hentry","category-actu-france-monde"],"jetpack_publicize_connections":[],"jetpack_featured_media_url":"https:\/\/i0.wp.com\/www.iceagetv.com\/radiosite\/wp-content\/uploads\/2022\/09\/phpJjJ5Vd.webp?fit=944%2C531&ssl=1","jetpack_sharing_enabled":true,"_links":{"self":[{"href":"https:\/\/www.iceagetv.com\/radiosite\/wp-json\/wp\/v2\/posts\/22328","targetHints":{"allow":["GET"]}}],"collection":[{"href":"https:\/\/www.iceagetv.com\/radiosite\/wp-json\/wp\/v2\/posts"}],"about":[{"href":"https:\/\/www.iceagetv.com\/radiosite\/wp-json\/wp\/v2\/types\/post"}],"author":[{"embeddable":true,"href":"https:\/\/www.iceagetv.com\/radiosite\/wp-json\/wp\/v2\/users\/2"}],"replies":[{"embeddable":true,"href":"https:\/\/www.iceagetv.com\/radiosite\/wp-json\/wp\/v2\/comments?post=22328"}],"version-history":[{"count":1,"href":"https:\/\/www.iceagetv.com\/radiosite\/wp-json\/wp\/v2\/posts\/22328\/revisions"}],"predecessor-version":[{"id":22329,"href":"https:\/\/www.iceagetv.com\/radiosite\/wp-json\/wp\/v2\/posts\/22328\/revisions\/22329"}],"wp:featuredmedia":[{"embeddable":true,"href":"https:\/\/www.iceagetv.com\/radiosite\/wp-json\/wp\/v2\/media\/22235"}],"wp:attachment":[{"href":"https:\/\/www.iceagetv.com\/radiosite\/wp-json\/wp\/v2\/media?parent=22328"}],"wp:term":[{"taxonomy":"category","embeddable":true,"href":"https:\/\/www.iceagetv.com\/radiosite\/wp-json\/wp\/v2\/categories?post=22328"},{"taxonomy":"post_tag","embeddable":true,"href":"https:\/\/www.iceagetv.com\/radiosite\/wp-json\/wp\/v2\/tags?post=22328"}],"curies":[{"name":"wp","href":"https:\/\/api.w.org\/{rel}","templated":true}]}}