{"id":22330,"date":"2022-09-20T16:26:16","date_gmt":"2022-09-20T16:26:16","guid":{"rendered":"http:\/\/www.iceagetv.com\/radiosite\/?p=22330"},"modified":"2022-09-20T16:26:16","modified_gmt":"2022-09-20T16:26:16","slug":"crise-energetique-les-champs-elysees-seront-moins-eclaires-cet-hiver-les-illuminations-de-noel-y-dureront-moins-longtemps-et-les-commercants-devront-eteindre-leurs-vitrines-et-ecrans-plus-tot","status":"publish","type":"post","link":"https:\/\/www.iceagetv.com\/radiosite\/crise-energetique-les-champs-elysees-seront-moins-eclaires-cet-hiver-les-illuminations-de-noel-y-dureront-moins-longtemps-et-les-commercants-devront-eteindre-leurs-vitrines-et-ecrans-plus-tot\/","title":{"rendered":"Crise \u00e9nerg\u00e9tique &#8211; Les Champs-Elys\u00e9es seront moins \u00e9clair\u00e9s cet hiver: Les illuminations de No\u00ebl y dureront moins longtemps et les commer\u00e7ants devront \u00e9teindre leurs vitrines et \u00e9crans plus t\u00f4t"},"content":{"rendered":"\n<p>Les Champs-Elys\u00e9es seront moins \u00e9clair\u00e9s cet hiver: les illuminations de No\u00ebl y dureront moins longtemps et les commer\u00e7ants devront \u00e9teindre leurs vitrines et \u00e9crans plus t\u00f4t, a annonc\u00e9 le Comit\u00e9 Champs-Elys\u00e9es qui regroupe des enseignes de l&rsquo;avenue parisienne.<\/p>\n\n\n\n<p>\u00ab\u00a0Pour contribuer \u00e0 \u00e9viter les d\u00e9lestages et les p\u00e9nuries d&rsquo;\u00e9lectricit\u00e9 cet hiver, cons\u00e9quences de la guerre en Europe, les Champs-\u00c9lys\u00e9es se doivent de participer collectivement et solidairement aux efforts demand\u00e9s aux Fran\u00e7ais\u00a0\u00bb, \u00e9crit le comit\u00e9 dans un communiqu\u00e9.<\/p>\n\n\n\n<p>Les illuminations de No\u00ebl seront \u00e9teintes chaque soir d\u00e8s 23H45, contre 2H00 les ann\u00e9es pr\u00e9c\u00e9dentes, et seront retir\u00e9es d\u00e8s le 2 janvier, une semaine plus t\u00f4t que pr\u00e9vu.<\/p>\n\n\n\n<p>Seules exceptions, elles resteront allum\u00e9es pour les r\u00e9veillons des 24 et 31 d\u00e9cembre.<\/p>\n\n\n\n<p>Cela permettra, selon le Comit\u00e9 Champs-Elys\u00e9es, de r\u00e9duire de 44% la consommation d&rsquo;\u00e9nergie des illuminations.<\/p>\n\n\n\n<p>Les commer\u00e7ants et enseignes sont \u00e9galement invit\u00e9s \u00e0 \u00e9teindre leurs vitrines et \u00e9crans entre 22H00 et 7H00, une mesure qui \u00ab\u00a0devra \u00eatre g\u00e9n\u00e9ralis\u00e9e avant le 15 octobre\u00a0\u00bb.<\/p>\n\n\n\n<p>\u00ab\u00a0Les fonci\u00e8res, les propri\u00e9taires et les utilisateurs de bureaux des Champs-\u00c9lys\u00e9es ont \u00e9t\u00e9 invit\u00e9s \u00e9galement \u00e0 se joindre \u00e0 ce mouvement. La dur\u00e9e de ce plan de sobri\u00e9t\u00e9 \u00e9nerg\u00e9tique sera prolong\u00e9e autant que de besoin\u00a0\u00bb, poursuit le comit\u00e9.<\/p>\n\n\n\n<p>Pour faire face \u00e0 la flamb\u00e9e des co\u00fbts de l&rsquo;\u00e9nergie, aggrav\u00e9e par la guerre en Ukraine, la mairie de Paris a d\u00e9j\u00e0 annonc\u00e9 un plan de sobri\u00e9t\u00e9 \u00e9nerg\u00e9tique, incluant l&rsquo;extinction de l&rsquo;\u00e9clairage des b\u00e2timents publics d\u00e8s 22H00 et de la tour Eiffel \u00e0 23H45 au lieu de 1H00.<\/p>\n\n\n\n<p>La maire Anne Hidalgo a invit\u00e9 les acteurs priv\u00e9s, dont les immeubles de bureaux, h\u00f4tels, supermarch\u00e9s et grands magasins, \u00e0 prendre leur part de l&rsquo;effort en baissant leur consommation d&rsquo;au moins 10%.<\/p>\n","protected":false},"excerpt":{"rendered":"<p>Les Champs-Elys\u00e9es seront moins \u00e9clair\u00e9s cet hiver: les illuminations de No\u00ebl y dureront moins longtemps et les commer\u00e7ants devront \u00e9teindre leurs vitrines et \u00e9crans plus t\u00f4t, a annonc\u00e9 le Comit\u00e9 Champs-Elys\u00e9es qui regroupe des enseignes de l&rsquo;avenue parisienne. \u00ab\u00a0Pour contribuer \u00e0 \u00e9viter les d\u00e9lestages et les p\u00e9nuries d&rsquo;\u00e9lectricit\u00e9 cet hiver, cons\u00e9quences de la guerre en [&hellip;]<\/p>\n","protected":false},"author":2,"featured_media":22331,"comment_status":"open","ping_status":"open","sticky":false,"template":"","format":"standard","meta":{"_jetpack_memberships_contains_paid_content":false,"footnotes":"","jetpack_publicize_message":"","jetpack_publicize_feature_enabled":true,"jetpack_social_post_already_shared":true,"jetpack_social_options":{"image_generator_settings":{"template":"highway","default_image_id":0,"font":"","enabled":false},"version":2},"_wpas_customize_per_network":false},"categories":[405],"tags":[],"class_list":["post-22330","post","type-post","status-publish","format-standard","has-post-thumbnail","hentry","category-actu-france-monde"],"jetpack_publicize_connections":[],"jetpack_featured_media_url":"https:\/\/i0.wp.com\/www.iceagetv.com\/radiosite\/wp-content\/uploads\/2022\/09\/Les-Champs-Elysees-seront-moins-eclaires-cet-hiver.jpg?fit=534%2C267&ssl=1","jetpack_sharing_enabled":true,"_links":{"self":[{"href":"https:\/\/www.iceagetv.com\/radiosite\/wp-json\/wp\/v2\/posts\/22330","targetHints":{"allow":["GET"]}}],"collection":[{"href":"https:\/\/www.iceagetv.com\/radiosite\/wp-json\/wp\/v2\/posts"}],"about":[{"href":"https:\/\/www.iceagetv.com\/radiosite\/wp-json\/wp\/v2\/types\/post"}],"author":[{"embeddable":true,"href":"https:\/\/www.iceagetv.com\/radiosite\/wp-json\/wp\/v2\/users\/2"}],"replies":[{"embeddable":true,"href":"https:\/\/www.iceagetv.com\/radiosite\/wp-json\/wp\/v2\/comments?post=22330"}],"version-history":[{"count":1,"href":"https:\/\/www.iceagetv.com\/radiosite\/wp-json\/wp\/v2\/posts\/22330\/revisions"}],"predecessor-version":[{"id":22332,"href":"https:\/\/www.iceagetv.com\/radiosite\/wp-json\/wp\/v2\/posts\/22330\/revisions\/22332"}],"wp:featuredmedia":[{"embeddable":true,"href":"https:\/\/www.iceagetv.com\/radiosite\/wp-json\/wp\/v2\/media\/22331"}],"wp:attachment":[{"href":"https:\/\/www.iceagetv.com\/radiosite\/wp-json\/wp\/v2\/media?parent=22330"}],"wp:term":[{"taxonomy":"category","embeddable":true,"href":"https:\/\/www.iceagetv.com\/radiosite\/wp-json\/wp\/v2\/categories?post=22330"},{"taxonomy":"post_tag","embeddable":true,"href":"https:\/\/www.iceagetv.com\/radiosite\/wp-json\/wp\/v2\/tags?post=22330"}],"curies":[{"name":"wp","href":"https:\/\/api.w.org\/{rel}","templated":true}]}}