{"id":22334,"date":"2022-09-20T16:28:55","date_gmt":"2022-09-20T16:28:55","guid":{"rendered":"http:\/\/www.iceagetv.com\/radiosite\/?p=22334"},"modified":"2022-09-20T16:28:55","modified_gmt":"2022-09-20T16:28:55","slug":"terrorisme-8-projets-dattentat-ont-ete-dejoues-depuis-le-debut-de-lannee","status":"publish","type":"post","link":"https:\/\/www.iceagetv.com\/radiosite\/terrorisme-8-projets-dattentat-ont-ete-dejoues-depuis-le-debut-de-lannee\/","title":{"rendered":"TERRORISME : 8 PROJETS D&rsquo;ATTENTAT ONT \u00c9T\u00c9 D\u00c9JOU\u00c9S DEPUIS LE D\u00c9BUT DE L&rsquo;ANN\u00c9E"},"content":{"rendered":"\n<p>Le ministre de l\u2019Int\u00e9rieur G\u00e9rald Darmanin a affirm\u00e9 ce mardi 20 septembre que huit projets d&rsquo;attentat ont \u00e9t\u00e9 d\u00e9jou\u00e9s en France depuis le d\u00e9but de l\u2019ann\u00e9e.<\/p>\n\n\n\n<p>La menace terroriste est \u00abpersistante et peut frapper \u00e0 tout moment le territoire national\u00bb, a affirm\u00e9 G\u00e9rald Darmanin ce mardi, lors d\u2019une audition par la commission des lois de l\u2019Assembl\u00e9e. Ainsi, huit projets d&rsquo;attentat ont \u00e9t\u00e9 d\u00e9jou\u00e9s depuis le d\u00e9but de l\u2019ann\u00e9e, a r\u00e9v\u00e9l\u00e9 le ministre de l&rsquo;Int\u00e9rieur. Ils sont, \u00absouvent, pour ne pas dire quasi-exclusivement d\u2019origine islamiste\u00bb, a-t-il poursuivi, en pr\u00e9cisant tout de m\u00eame que des groupuscules d\u2019ultra-droite et d\u2019ultra-gauche peuvent aussi se montrer dangereux.<\/p>\n\n\n\n<p>Si, d\u00e9sormais, la menace exog\u00e8ne, qui vient de l\u2019ext\u00e9rieur pour toucher les Fran\u00e7ais, comme au&nbsp;<a href=\"https:\/\/www.cnews.fr\/videos\/france\/2022-06-29\/13-novembre-2015-8-attentats-en-33-minutes-1123931\" target=\"_blank\" rel=\"noreferrer noopener\">Bataclan<\/a>&nbsp;(en novembre 2015, ndlr), est moins importante, nous avons quand m\u00eame un rehaussement des signalements de terroristes qui viendraient du Levant (le Proche-Orient, ndlr) ou de l\u2019Afrique subsaharienne\u00bb, a annonc\u00e9 G\u00e9rald Darmanin. Il a annonc\u00e9 que 500 signalements avaient \u00e9t\u00e9 effectu\u00e9s aux services de renseignement depuis qu\u2019il est en poste (juillet 2020).<\/p>\n\n\n\n<h2 class=\"wp-block-heading\">39 ATTENTATS \u00c9VIT\u00c9S LORS DU PREMIER QUINQUENNAT<\/h2>\n\n\n\n<p>Le ministre de l\u2019Int\u00e9rieur a rappel\u00e9 que la menace principale est celle endog\u00e8ne, c\u2019est-\u00e0-dire des \u00abpersonnes qui se radicalisent \u00e0 l\u2019int\u00e9rieur de notre pays, de moins en moins dans des lieux de culte et de plus en plus sur internet\u00bb.<\/p>\n\n\n\n<p>G\u00e9rald Darmanin a \u00e9galement inform\u00e9 que 39 attentats ont \u00e9t\u00e9 \u00e9vit\u00e9s durant le premier quinquennat. Les moyens technologiques mis en place par les autorit\u00e9s, mais aussi physiques, ont \u00e9t\u00e9 lou\u00e9s.<\/p>\n","protected":false},"excerpt":{"rendered":"<p>Le ministre de l\u2019Int\u00e9rieur G\u00e9rald Darmanin a affirm\u00e9 ce mardi 20 septembre que huit projets d&rsquo;attentat ont \u00e9t\u00e9 d\u00e9jou\u00e9s en France depuis le d\u00e9but de l\u2019ann\u00e9e. La menace terroriste est \u00abpersistante et peut frapper \u00e0 tout moment le territoire national\u00bb, a affirm\u00e9 G\u00e9rald Darmanin ce mardi, lors d\u2019une audition par la commission des lois de [&hellip;]<\/p>\n","protected":false},"author":2,"featured_media":22335,"comment_status":"open","ping_status":"open","sticky":false,"template":"","format":"standard","meta":{"_jetpack_memberships_contains_paid_content":false,"footnotes":"","jetpack_publicize_message":"","jetpack_publicize_feature_enabled":true,"jetpack_social_post_already_shared":true,"jetpack_social_options":{"image_generator_settings":{"template":"highway","default_image_id":0,"font":"","enabled":false},"version":2},"_wpas_customize_per_network":false},"categories":[405],"tags":[],"class_list":["post-22334","post","type-post","status-publish","format-standard","has-post-thumbnail","hentry","category-actu-france-monde"],"jetpack_publicize_connections":[],"jetpack_featured_media_url":"https:\/\/i0.wp.com\/www.iceagetv.com\/radiosite\/wp-content\/uploads\/2022\/09\/8-PROJETS-DATTENTAT-ONT-ETE-DEJOUES-DEPUIS-LE-DEBUT-DE-LANNEE.jpg?fit=750%2C422&ssl=1","jetpack_sharing_enabled":true,"_links":{"self":[{"href":"https:\/\/www.iceagetv.com\/radiosite\/wp-json\/wp\/v2\/posts\/22334","targetHints":{"allow":["GET"]}}],"collection":[{"href":"https:\/\/www.iceagetv.com\/radiosite\/wp-json\/wp\/v2\/posts"}],"about":[{"href":"https:\/\/www.iceagetv.com\/radiosite\/wp-json\/wp\/v2\/types\/post"}],"author":[{"embeddable":true,"href":"https:\/\/www.iceagetv.com\/radiosite\/wp-json\/wp\/v2\/users\/2"}],"replies":[{"embeddable":true,"href":"https:\/\/www.iceagetv.com\/radiosite\/wp-json\/wp\/v2\/comments?post=22334"}],"version-history":[{"count":1,"href":"https:\/\/www.iceagetv.com\/radiosite\/wp-json\/wp\/v2\/posts\/22334\/revisions"}],"predecessor-version":[{"id":22336,"href":"https:\/\/www.iceagetv.com\/radiosite\/wp-json\/wp\/v2\/posts\/22334\/revisions\/22336"}],"wp:featuredmedia":[{"embeddable":true,"href":"https:\/\/www.iceagetv.com\/radiosite\/wp-json\/wp\/v2\/media\/22335"}],"wp:attachment":[{"href":"https:\/\/www.iceagetv.com\/radiosite\/wp-json\/wp\/v2\/media?parent=22334"}],"wp:term":[{"taxonomy":"category","embeddable":true,"href":"https:\/\/www.iceagetv.com\/radiosite\/wp-json\/wp\/v2\/categories?post=22334"},{"taxonomy":"post_tag","embeddable":true,"href":"https:\/\/www.iceagetv.com\/radiosite\/wp-json\/wp\/v2\/tags?post=22334"}],"curies":[{"name":"wp","href":"https:\/\/api.w.org\/{rel}","templated":true}]}}