{"id":22340,"date":"2022-09-21T11:16:35","date_gmt":"2022-09-21T11:16:35","guid":{"rendered":"http:\/\/www.iceagetv.com\/radiosite\/?p=22340"},"modified":"2022-09-21T11:16:35","modified_gmt":"2022-09-21T11:16:35","slug":"crise-energetique-luniversite-de-strasbourg-va-fermer-ses-portes-deux-semaines-supplementaires-cet-hiver-un-choix-denonce-par-les-organisations-syndicales","status":"publish","type":"post","link":"https:\/\/www.iceagetv.com\/radiosite\/crise-energetique-luniversite-de-strasbourg-va-fermer-ses-portes-deux-semaines-supplementaires-cet-hiver-un-choix-denonce-par-les-organisations-syndicales\/","title":{"rendered":"Crise \u00e9nerg\u00e9tique: L\u2019universit\u00e9 de Strasbourg va fermer ses portes deux semaines suppl\u00e9mentaires cet hiver &#8211; Un choix d\u00e9nonc\u00e9 par les organisations syndicales"},"content":{"rendered":"\n<p>En raison de la crise \u00e9nerg\u00e9tique et de la hausse du prix de l&rsquo;\u00e9lectricit\u00e9, la direction de l&rsquo;universit\u00e9 de Strasbourg (Bas-Rhin) a d\u00e9cid\u00e9 de prendre une d\u00e9cision : fermer ses portes durant deux semaines suppl\u00e9mentaires cet hiver.<\/p>\n\n\n\n<p>Par cons\u00e9quent, la rentr\u00e9e de janvier se fera le 9 et non le 3. Puis, au moment des cong\u00e9s scolaires de f\u00e9vrier, la reprise se fera une semaine en distanciel. L&rsquo;Universit\u00e9 s\u2019engage \u00e0 limiter l&rsquo;usage du chauffage et de maintenir la temp\u00e9rature \u00e0 19 \u00b0C, suivant les objectifs d\u00e9finis par le gouvernement.<\/p>\n\n\n\n<p>Un choix qui est d\u00e9nonc\u00e9 par les organisations syndicales. Dans un communiqu\u00e9, elles d\u00e9plorent le manque de concertation et les risques que pourraient faire peser cette fermeture sur les personnels et les \u00e9tudiants.<\/p>\n","protected":false},"excerpt":{"rendered":"<p>En raison de la crise \u00e9nerg\u00e9tique et de la hausse du prix de l&rsquo;\u00e9lectricit\u00e9, la direction de l&rsquo;universit\u00e9 de Strasbourg (Bas-Rhin) a d\u00e9cid\u00e9 de prendre une d\u00e9cision : fermer ses portes durant deux semaines suppl\u00e9mentaires cet hiver. Par cons\u00e9quent, la rentr\u00e9e de janvier se fera le 9 et non le 3. Puis, au moment des [&hellip;]<\/p>\n","protected":false},"author":2,"featured_media":22341,"comment_status":"open","ping_status":"open","sticky":false,"template":"","format":"standard","meta":{"_jetpack_memberships_contains_paid_content":false,"footnotes":"","jetpack_publicize_message":"","jetpack_publicize_feature_enabled":true,"jetpack_social_post_already_shared":true,"jetpack_social_options":{"image_generator_settings":{"template":"highway","default_image_id":0,"font":"","enabled":false},"version":2},"_wpas_customize_per_network":false},"categories":[405],"tags":[],"class_list":["post-22340","post","type-post","status-publish","format-standard","has-post-thumbnail","hentry","category-actu-france-monde"],"jetpack_publicize_connections":[],"jetpack_featured_media_url":"https:\/\/i0.wp.com\/www.iceagetv.com\/radiosite\/wp-content\/uploads\/2022\/09\/Luniversite-de-Strasbourg.jpg?fit=679%2C293&ssl=1","jetpack_sharing_enabled":true,"_links":{"self":[{"href":"https:\/\/www.iceagetv.com\/radiosite\/wp-json\/wp\/v2\/posts\/22340","targetHints":{"allow":["GET"]}}],"collection":[{"href":"https:\/\/www.iceagetv.com\/radiosite\/wp-json\/wp\/v2\/posts"}],"about":[{"href":"https:\/\/www.iceagetv.com\/radiosite\/wp-json\/wp\/v2\/types\/post"}],"author":[{"embeddable":true,"href":"https:\/\/www.iceagetv.com\/radiosite\/wp-json\/wp\/v2\/users\/2"}],"replies":[{"embeddable":true,"href":"https:\/\/www.iceagetv.com\/radiosite\/wp-json\/wp\/v2\/comments?post=22340"}],"version-history":[{"count":1,"href":"https:\/\/www.iceagetv.com\/radiosite\/wp-json\/wp\/v2\/posts\/22340\/revisions"}],"predecessor-version":[{"id":22342,"href":"https:\/\/www.iceagetv.com\/radiosite\/wp-json\/wp\/v2\/posts\/22340\/revisions\/22342"}],"wp:featuredmedia":[{"embeddable":true,"href":"https:\/\/www.iceagetv.com\/radiosite\/wp-json\/wp\/v2\/media\/22341"}],"wp:attachment":[{"href":"https:\/\/www.iceagetv.com\/radiosite\/wp-json\/wp\/v2\/media?parent=22340"}],"wp:term":[{"taxonomy":"category","embeddable":true,"href":"https:\/\/www.iceagetv.com\/radiosite\/wp-json\/wp\/v2\/categories?post=22340"},{"taxonomy":"post_tag","embeddable":true,"href":"https:\/\/www.iceagetv.com\/radiosite\/wp-json\/wp\/v2\/tags?post=22340"}],"curies":[{"name":"wp","href":"https:\/\/api.w.org\/{rel}","templated":true}]}}