{"id":22361,"date":"2022-09-22T15:43:00","date_gmt":"2022-09-22T15:43:00","guid":{"rendered":"http:\/\/www.iceagetv.com\/radiosite\/?p=22361"},"modified":"2022-09-22T15:43:00","modified_gmt":"2022-09-22T15:43:00","slug":"la-claque-voici-comment-tf1-a-perdu-la-premiere-manche-en-justice-contre-canal-le-tribunal-de-commerce-de-paris-refusant-dobliger-canal-a-diffuser-les-chaines-du-groupe-tf1","status":"publish","type":"post","link":"https:\/\/www.iceagetv.com\/radiosite\/la-claque-voici-comment-tf1-a-perdu-la-premiere-manche-en-justice-contre-canal-le-tribunal-de-commerce-de-paris-refusant-dobliger-canal-a-diffuser-les-chaines-du-groupe-tf1\/","title":{"rendered":"La claque : Voici comment TF1 a perdu la premi\u00e8re manche en justice contre Canal+, le tribunal de commerce de Paris refusant d&rsquo;obliger Canal \u00e0 diffuser les cha\u00eenes du groupe TF1"},"content":{"rendered":"\n<p>Canal+ n&rsquo;est pas oblig\u00e9 de diffuser \u00e0 nouveau les cha\u00eenes de TF1 sur son offre satellite TNT Sat, qui permet aux foyers non desservis par la TNT terrestre de recevoir la t\u00e9l\u00e9vision, selon une ordonnance du tribunal de commerce de Paris dont l&rsquo;AFP a eu connaissance jeudi. Cette proc\u00e9dure en urgence (r\u00e9f\u00e9r\u00e9) n&rsquo;est qu&rsquo;une partie du conflit entre les deux groupes.<\/p>\n\n\n\n<p>Celui-ci a \u00e9clat\u00e9 lorsque Canal+ a cess\u00e9 de diffuser d\u00e9but septembre les cha\u00eenes de TF1, faute d&rsquo;accord financier pour le renouvellement de leur contrat. Dans son ordonnance, le tribunal de commerce de Paris a d\u00e9bout\u00e9 les cha\u00eenes du groupe TF1 \u00ab\u00a0de leur demande d&rsquo;injonction de r\u00e9tablissement (de leur) diffusion sur TNT Sat\u00a0\u00bb.<\/p>\n\n\n\n<p>Le tribunal a estim\u00e9 que l&rsquo;arr\u00eat de la diffusion des cinq cha\u00eenes gratuites TF1, TMC, TFX, TF1 S\u00e9ries Films et LCI sur TNT Sat n&rsquo;entra\u00eenait ni \u00ab\u00a0trouble illicite\u00a0\u00bb ni \u00ab\u00a0dommage imminent\u00a0\u00bb, deux conditions justifiant qu&rsquo;un r\u00e9f\u00e9r\u00e9 mette fin \u00e0 une situation.<\/p>\n\n\n\n<p>Le tribunal a jug\u00e9 que l&rsquo;offre TNT Sat de Canal+ \u00e9tait une partie indissociable du contrat global sur lequel les deux groupes s&rsquo;opposent, et que TF1 ne pouvait donc pas invoquer une \u00ab\u00a0rupture brutale des relations commerciales\u00a0\u00bb portant uniquement sur ce point-l\u00e0.<\/p>\n\n\n\n<p>En outre, le tribunal a rappel\u00e9 que la loi n&rsquo;impose pas \u00e0 Canal+ de distribuer le signal de TF1 sur TNT Sat, comme l&rsquo;avait soulign\u00e9 le r\u00e9gulateur des m\u00e9dias, l&rsquo;Arcom, au d\u00e9but du conflit. TF1 demandait une mesure provisoire de quatre mois pendant lesquels Canal r\u00e9tablirait ses cha\u00eenes sur TNT Sat, le temps de trouver un accord global ou de permettre aux clients de ce service de basculer sur une autre offre satellite, Fransat (groupe Eutelsat).<\/p>\n\n\n\n<p>Le satellite est le seul moyen pour certains foyers de recevoir la t\u00e9l\u00e9vision dans les zones isol\u00e9es non desservies par la TNT (essentiellement en montagne). Les deux groupes se rejettent la responsabilit\u00e9 du conflit.<\/p>\n\n\n\n<p>Canal+ assure que TF1 \u00e9tait trop gourmand dans la ren\u00e9gociation du contrat, conclu fin 2018 apr\u00e8s un conflit similaire. TF1 affirme que c&rsquo;est son rival qui n&rsquo;a pas souhait\u00e9 trouver d&rsquo;accord et assure que ses audiences en souffrent.<\/p>\n\n\n\n<p>Le tribunal de commerce a \u00e9galement condamn\u00e9 les six entit\u00e9s juridiques du groupe TF1 qui \u00e9taient all\u00e9es en justice \u00e0 verser chacune \u00e0 Canal la somme de 3.000 euros au titre des frais de justice.<\/p>\n\n\n\n<p>Dans une proc\u00e9dure distincte, Canal a assign\u00e9 TF1 devant le tribunal de commerce de Nanterre..<\/p>\n","protected":false},"excerpt":{"rendered":"<p>Canal+ n&rsquo;est pas oblig\u00e9 de diffuser \u00e0 nouveau les cha\u00eenes de TF1 sur son offre satellite TNT Sat, qui permet aux foyers non desservis par la TNT terrestre de recevoir la t\u00e9l\u00e9vision, selon une ordonnance du tribunal de commerce de Paris dont l&rsquo;AFP a eu connaissance jeudi. Cette proc\u00e9dure en urgence (r\u00e9f\u00e9r\u00e9) n&rsquo;est qu&rsquo;une partie [&hellip;]<\/p>\n","protected":false},"author":2,"featured_media":22362,"comment_status":"open","ping_status":"open","sticky":false,"template":"","format":"standard","meta":{"_jetpack_memberships_contains_paid_content":false,"footnotes":"","jetpack_publicize_message":"","jetpack_publicize_feature_enabled":true,"jetpack_social_post_already_shared":true,"jetpack_social_options":{"image_generator_settings":{"template":"highway","default_image_id":0,"font":"","enabled":false},"version":2},"_wpas_customize_per_network":false},"categories":[68],"tags":[],"class_list":["post-22361","post","type-post","status-publish","format-standard","has-post-thumbnail","hentry","category-actu-culturelle"],"jetpack_publicize_connections":[],"jetpack_featured_media_url":"https:\/\/i0.wp.com\/www.iceagetv.com\/radiosite\/wp-content\/uploads\/2022\/09\/Voici-comment-TF1-a-perdu-la-premiere-manche-en-justice-contre-Canal.jpg?fit=679%2C293&ssl=1","jetpack_sharing_enabled":true,"_links":{"self":[{"href":"https:\/\/www.iceagetv.com\/radiosite\/wp-json\/wp\/v2\/posts\/22361","targetHints":{"allow":["GET"]}}],"collection":[{"href":"https:\/\/www.iceagetv.com\/radiosite\/wp-json\/wp\/v2\/posts"}],"about":[{"href":"https:\/\/www.iceagetv.com\/radiosite\/wp-json\/wp\/v2\/types\/post"}],"author":[{"embeddable":true,"href":"https:\/\/www.iceagetv.com\/radiosite\/wp-json\/wp\/v2\/users\/2"}],"replies":[{"embeddable":true,"href":"https:\/\/www.iceagetv.com\/radiosite\/wp-json\/wp\/v2\/comments?post=22361"}],"version-history":[{"count":1,"href":"https:\/\/www.iceagetv.com\/radiosite\/wp-json\/wp\/v2\/posts\/22361\/revisions"}],"predecessor-version":[{"id":22363,"href":"https:\/\/www.iceagetv.com\/radiosite\/wp-json\/wp\/v2\/posts\/22361\/revisions\/22363"}],"wp:featuredmedia":[{"embeddable":true,"href":"https:\/\/www.iceagetv.com\/radiosite\/wp-json\/wp\/v2\/media\/22362"}],"wp:attachment":[{"href":"https:\/\/www.iceagetv.com\/radiosite\/wp-json\/wp\/v2\/media?parent=22361"}],"wp:term":[{"taxonomy":"category","embeddable":true,"href":"https:\/\/www.iceagetv.com\/radiosite\/wp-json\/wp\/v2\/categories?post=22361"},{"taxonomy":"post_tag","embeddable":true,"href":"https:\/\/www.iceagetv.com\/radiosite\/wp-json\/wp\/v2\/tags?post=22361"}],"curies":[{"name":"wp","href":"https:\/\/api.w.org\/{rel}","templated":true}]}}