{"id":22367,"date":"2022-09-23T09:13:05","date_gmt":"2022-09-23T09:13:05","guid":{"rendered":"http:\/\/www.iceagetv.com\/radiosite\/?p=22367"},"modified":"2022-09-23T09:13:05","modified_gmt":"2022-09-23T09:13:05","slug":"un-total-de-48-personnes-soupconnees-detre-a-lorigine-de-plusieurs-incendies-ont-ete-interpellees-cet-ete-marque-par-des-grands-feux-de-forets-notamment-dans-le-sud-ouest-du-pays","status":"publish","type":"post","link":"https:\/\/www.iceagetv.com\/radiosite\/un-total-de-48-personnes-soupconnees-detre-a-lorigine-de-plusieurs-incendies-ont-ete-interpellees-cet-ete-marque-par-des-grands-feux-de-forets-notamment-dans-le-sud-ouest-du-pays\/","title":{"rendered":"Un total de 48 personnes soup\u00e7onn\u00e9es d\u2019\u00eatre \u00e0 l\u2019origine de plusieurs incendies ont \u00e9t\u00e9 interpell\u00e9es cet \u00e9t\u00e9, marqu\u00e9 par des grands feux de for\u00eats notamment dans le sud-ouest du pays"},"content":{"rendered":"\n<p>Un total de 48 personnes soup\u00e7onn\u00e9es d\u2019\u00eatre \u00e0 l\u2019origine de plusieurs incendies ont \u00e9t\u00e9 interpell\u00e9es cet \u00e9t\u00e9, marqu\u00e9 par des grands feux de for\u00eats notamment dans le sud-ouest du pays, a appris vendredi l\u2019AFP aupr\u00e8s de la gendarmerie. Dans ce bilan provisoire, douze personnes ont d\u00e9j\u00e0 \u00e9t\u00e9 condamn\u00e9es pour des peines allant jusqu\u2019\u00e0 deux ans de prison et \u00ab&nbsp;plus d\u2019une dizaine&nbsp;\u00bb ont \u00e9t\u00e9 plac\u00e9es en d\u00e9tention provisoire, ont d\u00e9taill\u00e9 les gendarmes.<\/p>\n\n\n\n<p>Parmi elles, \u00ab&nbsp;tous les milieux sociaux sont repr\u00e9sent\u00e9s&nbsp;\u00bb, a d\u00e9taill\u00e9 \u00e0 l\u2019AFP la lieutenante-colonelle Marie-Laure Pezant, porte-parole de la gendarmerie nationale. \u00ab&nbsp;On a trouv\u00e9 des jeunes, des mineurs, des retrait\u00e9s, majoritairement des hommes&nbsp;\u00bb, a-t-elle ajout\u00e9. Certains ont \u00ab&nbsp;un profil psychologique plus faible, parfois des troubles mentaux&nbsp;\u00bb, a poursuivi l\u2019officier, il y a \u00e9galement \u00ab&nbsp;quelques&nbsp;\u00bb sapeurs-pompiers mais \u00ab&nbsp;ce n\u2019est pas la majorit\u00e9&nbsp;\u00bb.<\/p>\n\n\n\n<p>De par son implantation en zone rurale, la gendarmerie a \u00e9t\u00e9 saisie de l\u2019\u00e9crasante majorit\u00e9 des enqu\u00eates &#8211;43 dossiers lui ont \u00e9t\u00e9 confi\u00e9s&#8211; concernant les grands feux de for\u00eat, \u00e0 l\u2019exception notable de celle concernant l\u2019incendie de la Teste-de-Buch (Gironde) confi\u00e9e \u00e0 la police.<\/p>\n\n\n\n<p>\u00ab&nbsp;Au plus fort de l\u2019\u00e9t\u00e9, le 13 ao\u00fbt, nous avons eu jusqu\u2019\u00e0 500 gendarmes d\u00e9ploy\u00e9s sur 18 incendies&nbsp;\u00bb, a soulign\u00e9 Mme Pezant.<\/p>\n\n\n\n<p>La Gironde, qui abrite une partie de la plus grande for\u00eat de r\u00e9sineux d\u2019Europe, a \u00e9t\u00e9 particuli\u00e8rement touch\u00e9e avec 30.000 hectares partis en fum\u00e9e, dont plus de 21.000 pour le seul secteur de Landiras.<\/p>\n\n\n\n<p>Pendant l\u2019\u00e9t\u00e9, jusqu\u2019\u00e0 10.000 sapeurs-pompiers fran\u00e7ais par jour ont \u00e9t\u00e9 mobilis\u00e9s par les incendies, qui ont d\u00e9j\u00e0 ravag\u00e9 plus de 65.000 hectares de for\u00eat, un record \u00e0 ce stade de l\u2019ann\u00e9e depuis le d\u00e9but du recensement des donn\u00e9es satellitaires en 2006, selon le Syst\u00e8me europ\u00e9en d\u2019information sur les feux de for\u00eats (Effis).<\/p>\n","protected":false},"excerpt":{"rendered":"<p>Un total de 48 personnes soup\u00e7onn\u00e9es d\u2019\u00eatre \u00e0 l\u2019origine de plusieurs incendies ont \u00e9t\u00e9 interpell\u00e9es cet \u00e9t\u00e9, marqu\u00e9 par des grands feux de for\u00eats notamment dans le sud-ouest du pays, a appris vendredi l\u2019AFP aupr\u00e8s de la gendarmerie. Dans ce bilan provisoire, douze personnes ont d\u00e9j\u00e0 \u00e9t\u00e9 condamn\u00e9es pour des peines allant jusqu\u2019\u00e0 deux ans [&hellip;]<\/p>\n","protected":false},"author":2,"featured_media":22368,"comment_status":"open","ping_status":"open","sticky":false,"template":"","format":"standard","meta":{"_jetpack_memberships_contains_paid_content":false,"footnotes":"","jetpack_publicize_message":"","jetpack_publicize_feature_enabled":true,"jetpack_social_post_already_shared":true,"jetpack_social_options":{"image_generator_settings":{"template":"highway","default_image_id":0,"font":"","enabled":false},"version":2},"_wpas_customize_per_network":false},"categories":[405],"tags":[],"class_list":["post-22367","post","type-post","status-publish","format-standard","has-post-thumbnail","hentry","category-actu-france-monde"],"jetpack_publicize_connections":[],"jetpack_featured_media_url":"https:\/\/i0.wp.com\/www.iceagetv.com\/radiosite\/wp-content\/uploads\/2022\/09\/Un-total-de-48-personnes-soupconnees-detre-a-lorigine-de-plusieurs-incendies-ont-ete-interpellees-cet-ete.jpg?fit=679%2C293&ssl=1","jetpack_sharing_enabled":true,"_links":{"self":[{"href":"https:\/\/www.iceagetv.com\/radiosite\/wp-json\/wp\/v2\/posts\/22367","targetHints":{"allow":["GET"]}}],"collection":[{"href":"https:\/\/www.iceagetv.com\/radiosite\/wp-json\/wp\/v2\/posts"}],"about":[{"href":"https:\/\/www.iceagetv.com\/radiosite\/wp-json\/wp\/v2\/types\/post"}],"author":[{"embeddable":true,"href":"https:\/\/www.iceagetv.com\/radiosite\/wp-json\/wp\/v2\/users\/2"}],"replies":[{"embeddable":true,"href":"https:\/\/www.iceagetv.com\/radiosite\/wp-json\/wp\/v2\/comments?post=22367"}],"version-history":[{"count":1,"href":"https:\/\/www.iceagetv.com\/radiosite\/wp-json\/wp\/v2\/posts\/22367\/revisions"}],"predecessor-version":[{"id":22369,"href":"https:\/\/www.iceagetv.com\/radiosite\/wp-json\/wp\/v2\/posts\/22367\/revisions\/22369"}],"wp:featuredmedia":[{"embeddable":true,"href":"https:\/\/www.iceagetv.com\/radiosite\/wp-json\/wp\/v2\/media\/22368"}],"wp:attachment":[{"href":"https:\/\/www.iceagetv.com\/radiosite\/wp-json\/wp\/v2\/media?parent=22367"}],"wp:term":[{"taxonomy":"category","embeddable":true,"href":"https:\/\/www.iceagetv.com\/radiosite\/wp-json\/wp\/v2\/categories?post=22367"},{"taxonomy":"post_tag","embeddable":true,"href":"https:\/\/www.iceagetv.com\/radiosite\/wp-json\/wp\/v2\/tags?post=22367"}],"curies":[{"name":"wp","href":"https:\/\/api.w.org\/{rel}","templated":true}]}}