{"id":22381,"date":"2022-09-25T07:29:37","date_gmt":"2022-09-25T07:29:37","guid":{"rendered":"http:\/\/www.iceagetv.com\/radiosite\/?p=22381"},"modified":"2022-09-25T07:29:37","modified_gmt":"2022-09-25T07:29:37","slug":"la-prefecture-de-police-de-paris-demantele-le-camp-de-migrants-installe-depuis-mai-dernier-place-de-la-bastille-en-raison-dune-epidemie-de-gale","status":"publish","type":"post","link":"https:\/\/www.iceagetv.com\/radiosite\/la-prefecture-de-police-de-paris-demantele-le-camp-de-migrants-installe-depuis-mai-dernier-place-de-la-bastille-en-raison-dune-epidemie-de-gale\/","title":{"rendered":"La pr\u00e9fecture de police de Paris d\u00e9mant\u00e8le le camp de migrants install\u00e9 depuis mai dernier place de la Bastille en raison d&rsquo;une \u00e9pid\u00e9mie de gale"},"content":{"rendered":"\n<p>La pr\u00e9fecture de police de Paris a lanc\u00e9 une op\u00e9ration de d\u00e9mant\u00e8lement du camp de migrants install\u00e9 depuis mai dernier place de la Bastille. Les raisons invoqu\u00e9es sont sanitaires, puisqu\u2019une \u00e9pid\u00e9mie de gale a \u00e9t\u00e9 constat\u00e9e par l\u2019Agence r\u00e9gionale de la Sant\u00e9 d\u2019Ile de France.<\/p>\n\n\n\n<p>Dans son communiqu\u00e9, la pr\u00e9fecture de police a annonc\u00e9 le d\u00e9mant\u00e8lement du camp pour raisons sanitaires. La pr\u00e9fecture pr\u00e9cise que le camp \u00abaccueille d\u00e9sormais plus de 100 personnes sous forme d\u2019installation permanente qui engendre de graves probl\u00e8mes de salubrit\u00e9 publique, une \u00e9pid\u00e9mie de gale y ayant \u00e9t\u00e9 constat\u00e9e par l\u2019agence r\u00e9gionale de la sant\u00e9 d&rsquo;Ile-de-France.\u00bb<\/p>\n\n\n\n<p>Cette \u00abmise \u00e0 l\u2019abri pour raison sanitaire\u00bb est une victoire pour les riverains qui s\u2019\u00e9taient rassembl\u00e9s en collectif et qui luttaient depuis plusieurs mois en faveur du d\u00e9mant\u00e8lement du camp de migrants parmi lesquels des jeunes se trouvaient en attente d\u2019un statut de mineur non-accompagn\u00e9. Si le camp a \u00e9t\u00e9 d\u00e9mantel\u00e9, les riverains craignent le retour de ses habitants lorsque l\u2019\u00e9pid\u00e9mie de gale aura \u00e9t\u00e9 trait\u00e9e par les autorit\u00e9s sanitaires.<\/p>\n\n\n\n<p>Une crainte partag\u00e9e par les commer\u00e7ants dont le chiffre d\u2019affaires a \u00e9t\u00e9 impact\u00e9 ces derniers mois du fait de la pr\u00e9sence des migrants. Pour certains, c\u2019est une perte de 50% qui est \u00e9voqu\u00e9e.<\/p>\n","protected":false},"excerpt":{"rendered":"<p>La pr\u00e9fecture de police de Paris a lanc\u00e9 une op\u00e9ration de d\u00e9mant\u00e8lement du camp de migrants install\u00e9 depuis mai dernier place de la Bastille. Les raisons invoqu\u00e9es sont sanitaires, puisqu\u2019une \u00e9pid\u00e9mie de gale a \u00e9t\u00e9 constat\u00e9e par l\u2019Agence r\u00e9gionale de la Sant\u00e9 d\u2019Ile de France. Dans son communiqu\u00e9, la pr\u00e9fecture de police a annonc\u00e9 le [&hellip;]<\/p>\n","protected":false},"author":2,"featured_media":22382,"comment_status":"open","ping_status":"open","sticky":false,"template":"","format":"standard","meta":{"_jetpack_memberships_contains_paid_content":false,"footnotes":"","jetpack_publicize_message":"","jetpack_publicize_feature_enabled":true,"jetpack_social_post_already_shared":true,"jetpack_social_options":{"image_generator_settings":{"template":"highway","default_image_id":0,"font":"","enabled":false},"version":2},"_wpas_customize_per_network":false},"categories":[405],"tags":[],"class_list":["post-22381","post","type-post","status-publish","format-standard","has-post-thumbnail","hentry","category-actu-france-monde"],"jetpack_publicize_connections":[],"jetpack_featured_media_url":"https:\/\/i0.wp.com\/www.iceagetv.com\/radiosite\/wp-content\/uploads\/2022\/09\/La-prefecture-de-police-de-Paris-demantele-le-camp-de-migrants.jpg?fit=679%2C293&ssl=1","jetpack_sharing_enabled":true,"_links":{"self":[{"href":"https:\/\/www.iceagetv.com\/radiosite\/wp-json\/wp\/v2\/posts\/22381","targetHints":{"allow":["GET"]}}],"collection":[{"href":"https:\/\/www.iceagetv.com\/radiosite\/wp-json\/wp\/v2\/posts"}],"about":[{"href":"https:\/\/www.iceagetv.com\/radiosite\/wp-json\/wp\/v2\/types\/post"}],"author":[{"embeddable":true,"href":"https:\/\/www.iceagetv.com\/radiosite\/wp-json\/wp\/v2\/users\/2"}],"replies":[{"embeddable":true,"href":"https:\/\/www.iceagetv.com\/radiosite\/wp-json\/wp\/v2\/comments?post=22381"}],"version-history":[{"count":1,"href":"https:\/\/www.iceagetv.com\/radiosite\/wp-json\/wp\/v2\/posts\/22381\/revisions"}],"predecessor-version":[{"id":22383,"href":"https:\/\/www.iceagetv.com\/radiosite\/wp-json\/wp\/v2\/posts\/22381\/revisions\/22383"}],"wp:featuredmedia":[{"embeddable":true,"href":"https:\/\/www.iceagetv.com\/radiosite\/wp-json\/wp\/v2\/media\/22382"}],"wp:attachment":[{"href":"https:\/\/www.iceagetv.com\/radiosite\/wp-json\/wp\/v2\/media?parent=22381"}],"wp:term":[{"taxonomy":"category","embeddable":true,"href":"https:\/\/www.iceagetv.com\/radiosite\/wp-json\/wp\/v2\/categories?post=22381"},{"taxonomy":"post_tag","embeddable":true,"href":"https:\/\/www.iceagetv.com\/radiosite\/wp-json\/wp\/v2\/tags?post=22381"}],"curies":[{"name":"wp","href":"https:\/\/api.w.org\/{rel}","templated":true}]}}