{"id":22407,"date":"2022-09-26T11:37:58","date_gmt":"2022-09-26T11:37:58","guid":{"rendered":"http:\/\/www.iceagetv.com\/radiosite\/?p=22407"},"modified":"2022-09-26T11:37:58","modified_gmt":"2022-09-26T11:37:58","slug":"fusillade-dans-une-ecole-en-russie-au-moins-neuf-morts-dont-des-enfants-et-vingt-personnes-blessees-le-suspect-sest-suicide","status":"publish","type":"post","link":"https:\/\/www.iceagetv.com\/radiosite\/fusillade-dans-une-ecole-en-russie-au-moins-neuf-morts-dont-des-enfants-et-vingt-personnes-blessees-le-suspect-sest-suicide\/","title":{"rendered":"Fusillade dans une \u00e9cole en Russie: Au moins neuf morts, dont des enfants, et vingt personnes bless\u00e9es &#8211; Le suspect s&rsquo;est suicid\u00e9"},"content":{"rendered":"\n<p>Au moins neuf personnes dont cinq enfants ont \u00e9t\u00e9 tu\u00e9es par un assaillant arm\u00e9 dans une \u00e9cole dans la ville d&rsquo;Ijevsk en Russie, ont indiqu\u00e9 lundi les enqu\u00eateurs, qui ont ajout\u00e9 que le tireur s&rsquo;\u00e9tait suicid\u00e9. \u00ab\u00a0Selon les donn\u00e9es pr\u00e9liminaires, neuf personnes sont mortes dans ce crime, parmi elles deux gardes de s\u00e9curit\u00e9 de l&rsquo;\u00e9tablissement scolaire, deux professeurs et cinq mineurs\u00a0\u00bb, a indiqu\u00e9 le Comit\u00e9 d&rsquo;enqu\u00eate de Russie, revoyant \u00e0 la hausse un pr\u00e9c\u00e9dent bilan de six victimes.<\/p>\n\n\n\n<p>\u00ab Il y a des victimes parmi les enfants et des bless\u00e9s \u00bb, avait indiqu\u00e9 un peu plus t\u00f4t le gouverneur de la r\u00e9gion, Alexandre Bretchalov, visiblement \u00e9mu, dans une vid\u00e9o publi\u00e9e sur Telegram. Il s\u2019exprimait devant l\u2019\u00e9cole n\u00b088 d\u2019Ijevsk. Derri\u00e8re lui, on pouvait voir des personnels m\u00e9dicaux entrer dans le b\u00e2timent au pas de course.<\/p>\n\n\n\n<p>Selon lui, \u00ab une personne non-identifi\u00e9e est entr\u00e9e dans l\u2019\u00e9cole \u00bb avant de \u00ab tuer le garde \u00bb et d\u2019ouvrir le feu \u00e0 l\u2019int\u00e9rieur de l\u2019\u00e9cole, notamment sur les enfants. \u00ab L\u2019\u00e9vacuation est termin\u00e9e \u00bb et \u00ab l\u2019ensemble du p\u00e9rim\u00e8tre est boucl\u00e9 \u00bb, a ajout\u00e9 M. Bretchalov dans sa vid\u00e9o, pr\u00e9cisant que la Garde nationale russe, les services de s\u00e9curit\u00e9 du FSB et \u00ab les autorit\u00e9s en charge de l\u2019enqu\u00eate \u00bb \u00e9taient d\u00e9j\u00e0 sur place.<\/p>\n\n\n\n<p>Plus t\u00f4t dans la matin\u00e9e, le minist\u00e8re russe de l\u2019Int\u00e9rieur avait indiqu\u00e9 que \u00ab la police (avait) re\u00e7u un message concernant une fusillade \u00e0 l\u2019\u00e9cole n\u00b088 d\u2019Ijevsk \u00bb. \u00ab Les policiers se sont imm\u00e9diatement rendus sur place \u00bb, avait ajout\u00e9 cette source. Ijevsk, ville de pr\u00e8s de 650.000 habitants, est la capitale de la r\u00e9publique d\u2019Oudmourtie dans le centre du pays, juste \u00e0 l\u2019ouest du massif de l\u2019Oural qui marque la s\u00e9paration entre la Russie europ\u00e9enne et la Russie asiatique.<\/p>\n\n\n\n<p>Autrefois rarissimes, les fusillades mortelles, notamment dans des \u00e9coles, ont tendance \u00e0 devenir plus nombreuses en Russie depuis quelques ann\u00e9es, au point que le pr\u00e9sident Vladimir Poutine s\u2019en est alarm\u00e9, y voyant un ph\u00e9nom\u00e8ne import\u00e9 des \u00c9tats-Unis et un effet pervers de la mondialisation<\/p>\n","protected":false},"excerpt":{"rendered":"<p>Au moins neuf personnes dont cinq enfants ont \u00e9t\u00e9 tu\u00e9es par un assaillant arm\u00e9 dans une \u00e9cole dans la ville d&rsquo;Ijevsk en Russie, ont indiqu\u00e9 lundi les enqu\u00eateurs, qui ont ajout\u00e9 que le tireur s&rsquo;\u00e9tait suicid\u00e9. \u00ab\u00a0Selon les donn\u00e9es pr\u00e9liminaires, neuf personnes sont mortes dans ce crime, parmi elles deux gardes de s\u00e9curit\u00e9 de l&rsquo;\u00e9tablissement [&hellip;]<\/p>\n","protected":false},"author":2,"featured_media":22408,"comment_status":"open","ping_status":"open","sticky":false,"template":"","format":"standard","meta":{"_jetpack_memberships_contains_paid_content":false,"footnotes":"","jetpack_publicize_message":"","jetpack_publicize_feature_enabled":true,"jetpack_social_post_already_shared":true,"jetpack_social_options":{"image_generator_settings":{"template":"highway","default_image_id":0,"font":"","enabled":false},"version":2},"_wpas_customize_per_network":false},"categories":[405],"tags":[],"class_list":["post-22407","post","type-post","status-publish","format-standard","has-post-thumbnail","hentry","category-actu-france-monde"],"jetpack_publicize_connections":[],"jetpack_featured_media_url":"https:\/\/i0.wp.com\/www.iceagetv.com\/radiosite\/wp-content\/uploads\/2022\/09\/Fusillade-dans-une-ecole-en-Russie.jpg?fit=679%2C293&ssl=1","jetpack_sharing_enabled":true,"_links":{"self":[{"href":"https:\/\/www.iceagetv.com\/radiosite\/wp-json\/wp\/v2\/posts\/22407","targetHints":{"allow":["GET"]}}],"collection":[{"href":"https:\/\/www.iceagetv.com\/radiosite\/wp-json\/wp\/v2\/posts"}],"about":[{"href":"https:\/\/www.iceagetv.com\/radiosite\/wp-json\/wp\/v2\/types\/post"}],"author":[{"embeddable":true,"href":"https:\/\/www.iceagetv.com\/radiosite\/wp-json\/wp\/v2\/users\/2"}],"replies":[{"embeddable":true,"href":"https:\/\/www.iceagetv.com\/radiosite\/wp-json\/wp\/v2\/comments?post=22407"}],"version-history":[{"count":1,"href":"https:\/\/www.iceagetv.com\/radiosite\/wp-json\/wp\/v2\/posts\/22407\/revisions"}],"predecessor-version":[{"id":22409,"href":"https:\/\/www.iceagetv.com\/radiosite\/wp-json\/wp\/v2\/posts\/22407\/revisions\/22409"}],"wp:featuredmedia":[{"embeddable":true,"href":"https:\/\/www.iceagetv.com\/radiosite\/wp-json\/wp\/v2\/media\/22408"}],"wp:attachment":[{"href":"https:\/\/www.iceagetv.com\/radiosite\/wp-json\/wp\/v2\/media?parent=22407"}],"wp:term":[{"taxonomy":"category","embeddable":true,"href":"https:\/\/www.iceagetv.com\/radiosite\/wp-json\/wp\/v2\/categories?post=22407"},{"taxonomy":"post_tag","embeddable":true,"href":"https:\/\/www.iceagetv.com\/radiosite\/wp-json\/wp\/v2\/tags?post=22407"}],"curies":[{"name":"wp","href":"https:\/\/api.w.org\/{rel}","templated":true}]}}