{"id":22411,"date":"2022-09-26T14:58:47","date_gmt":"2022-09-26T14:58:47","guid":{"rendered":"http:\/\/www.iceagetv.com\/radiosite\/?p=22411"},"modified":"2022-09-26T14:58:47","modified_gmt":"2022-09-26T14:58:47","slug":"accusations-contre-julien-bayou-son-avocate-affirme-quil-ny-a-jamais-eu-aucune-violence-psychologique-et-cible-sandrine-rousseau-lambition-politique-ne-peut-pas-tout-justifier","status":"publish","type":"post","link":"https:\/\/www.iceagetv.com\/radiosite\/accusations-contre-julien-bayou-son-avocate-affirme-quil-ny-a-jamais-eu-aucune-violence-psychologique-et-cible-sandrine-rousseau-lambition-politique-ne-peut-pas-tout-justifier\/","title":{"rendered":"Accusations contre Julien Bayou : Son avocate affirme \u00ab\u00a0qu&rsquo;il n&rsquo;y a jamais eu aucune violence psychologique\u00a0\u00bb et cible Sandrine Rousseau : \u00ab\u00a0L&rsquo;ambition politique ne peut pas tout justifier"},"content":{"rendered":"\n<p><strong>Julien Bayou se d\u00e9fend cette apr\u00e8s-midi par la voix de son avocate. Me Marie Dos\u00e9 fait savoir qu&rsquo;il \u00ab\u00a0regrette l&rsquo;instrumentalisation du juste combat\u00a0\u00bb contre les violences sexuelles faites aux femmes.\u00a0Son avocate affirme \u00ab\u00a0qu&rsquo;il n&rsquo;y a jamais eu aucune violence psychologique\u00a0\u00bb\u00a0 et elle d\u00e9plore les atteintes \u00e0 la vie priv\u00e9e. \u00ab\u00a0L&rsquo;ambition politique ne peut pas tout justifier\u00a0\u00bb lance son avocate en r\u00e9f\u00e9rence directe aux propos de Sandrine Rousseau dans \u00ab\u00a0C \u00e0 vous\u00a0\u00bb. \u00ab\u00a0On assiste \u00e0 la disqualification d&rsquo;un homme dans le m\u00e9pris le plus total d&rsquo;un \u00e9tat de droit\u00a0\u00bb.<\/strong><\/p>\n\n\n\n<p>Le patron du parti \u00e9cologiste fran\u00e7ais Julien Bayou a quitt\u00e9 ses fonctions lundi, apr\u00e8s des accusations de violences psychologiques envers son ex-compagne, contre lesquelles il estime ne pas pouvoir se d\u00e9fendre. \u00ab J\u2019ai annonc\u00e9 ce matin aux adh\u00e9rents d\u2019Europe \u00c9cologie les Verts (EELV) ma d\u00e9mission de mes fonctions de secr\u00e9taire national \u00bb, explique Julien Bayou dans un communiqu\u00e9, en pr\u00e9cisant qu\u2019il allait \u00e9galement quitter la pr\u00e9sidence du groupe \u00e0 l\u2019Assembl\u00e9e nationale, poste dont il \u00e9tait suspendu depuis quelques jours.<\/p>\n\n\n\n<p>Cette d\u00e9cision intervient apr\u00e8s des accusations de harc\u00e8lement moral par une ex-compagne. Les faits qui lui sont reproch\u00e9s ne sont pas clairement connus, aucune plainte n\u2019a \u00e9t\u00e9 d\u00e9pos\u00e9e et aucune enqu\u00eate judiciaire n\u2019a \u00e9t\u00e9 ouverte. Cette affaire intervient dans le sillage d\u2019une autre ayant secou\u00e9 la gauche fran\u00e7aise, principalement le parti La France Insoumise (gauche radicale) de Jean-Luc M\u00e9lenchon, il y a quelques jours. Le jeune bras droit de M. M\u00e9lenchon, Adrien Quatennens, s\u2019est \u00ab mis en retrait \u00bb le 18 septembre de sa fonction de coordinateur de LFI, reconnaissant notamment avoir gifl\u00e9 sa femme lors d\u2019une dispute, apr\u00e8s que son \u00e9pouse eut annonc\u00e9 son intention de divorcer.<\/p>\n\n\n\n<p>M. Bayou, qui garde son mandat de d\u00e9put\u00e9, a lui soulign\u00e9 \u00eatre \u00ab accus\u00e9 de faits qui ne (lui) sont pas pr\u00e9sent\u00e9s, dont (ses) accusateurs-ices disent qu\u2019ils ne sont pas p\u00e9nalement r\u00e9pr\u00e9hensibles \u00bb et dont il ne peut pas se d\u00e9fendre \u00ab puisqu\u2019on refuse de (l)\u2019entendre \u00bb. Une \u00ab situation intenable \u00bb, a-t-il estim\u00e9.<\/p>\n\n\n\n<p>La cellule interne d\u2019EELV sur les violences et harc\u00e8lements sexuels, avait \u00e9t\u00e9 saisie en juillet, mais l\u2019affaire a pris un nouveau tournant la semaine derni\u00e8re, lorsque la d\u00e9put\u00e9e \u00e9cologiste et militante f\u00e9ministe Sandrine Rousseau l\u2019a accus\u00e9 de \u00ab comportements de nature \u00e0 briser la sant\u00e9 morale des femmes \u00bb. Elle a racont\u00e9 avoir \u00ab re\u00e7u longuement \u00bb une ex-compagne \u00ab tr\u00e8s d\u00e9prim\u00e9e \u00bb de M. Bayou, affirmant qu\u2019\u00ab elles sont manifestement plusieurs \u00bb concern\u00e9es par ces comportements.<\/p>\n\n\n\n<p>Et dimanche, l\u2019ex-candidat EELV \u00e0 la pr\u00e9sidentielle Yannick Jadot a souhait\u00e9 la mise en retrait du patron du parti \u00ab pour la s\u00e9r\u00e9nit\u00e9 de l\u2019enqu\u00eate \u00bb interne. Julien Bayou devait quitter ce poste lors du Congr\u00e8s du parti pr\u00e9vu en d\u00e9cembre. En juillet il avait expliqu\u00e9 en juillet au quotidien Le Figaro qu\u2019il s\u2019agissait \u00ab d\u2019une rupture qui s\u2019accompagne de menaces \u00e0 peine voil\u00e9es \u00e0 (son) endroit et d\u2019une forme d\u2019instrumentalisation que je ne peux que d\u00e9plorer \u00bb.<\/p>\n\n\n\n<p>Sur la cha\u00eene franceinfo, la d\u00e9put\u00e9e europ\u00e9enne EELV Karima Delli a soulign\u00e9 que \u00ab les violences faites aux femmes sont des sujets prioritaires \u00bb, mais elle a aussi point\u00e9 qu\u2019\u00ab une cellule (avait) \u00e9t\u00e9 saisie \u00bb, qui pour le moment \u00ab n\u2019a rendu aucune conclusion \u00bb. \u00ab Je ne crois pas qu\u2019on puisse faire justice soi-m\u00eame, le tribunal de l\u2019opinion ne doit pas exister \u00bb, a-t-elle dit.<\/p>\n","protected":false},"excerpt":{"rendered":"<p>Julien Bayou se d\u00e9fend cette apr\u00e8s-midi par la voix de son avocate. Me Marie Dos\u00e9 fait savoir qu&rsquo;il \u00ab\u00a0regrette l&rsquo;instrumentalisation du juste combat\u00a0\u00bb contre les violences sexuelles faites aux femmes.\u00a0Son avocate affirme \u00ab\u00a0qu&rsquo;il n&rsquo;y a jamais eu aucune violence psychologique\u00a0\u00bb\u00a0 et elle d\u00e9plore les atteintes \u00e0 la vie priv\u00e9e. \u00ab\u00a0L&rsquo;ambition politique ne peut pas tout [&hellip;]<\/p>\n","protected":false},"author":2,"featured_media":22412,"comment_status":"open","ping_status":"open","sticky":false,"template":"","format":"standard","meta":{"_jetpack_memberships_contains_paid_content":false,"footnotes":"","jetpack_publicize_message":"","jetpack_publicize_feature_enabled":true,"jetpack_social_post_already_shared":true,"jetpack_social_options":{"image_generator_settings":{"template":"highway","default_image_id":0,"font":"","enabled":false},"version":2},"_wpas_customize_per_network":false},"categories":[405],"tags":[],"class_list":["post-22411","post","type-post","status-publish","format-standard","has-post-thumbnail","hentry","category-actu-france-monde"],"jetpack_publicize_connections":[],"jetpack_featured_media_url":"https:\/\/i0.wp.com\/www.iceagetv.com\/radiosite\/wp-content\/uploads\/2022\/09\/Accusations-contre-Julien-Bayou.jpg?fit=679%2C293&ssl=1","jetpack_sharing_enabled":true,"_links":{"self":[{"href":"https:\/\/www.iceagetv.com\/radiosite\/wp-json\/wp\/v2\/posts\/22411","targetHints":{"allow":["GET"]}}],"collection":[{"href":"https:\/\/www.iceagetv.com\/radiosite\/wp-json\/wp\/v2\/posts"}],"about":[{"href":"https:\/\/www.iceagetv.com\/radiosite\/wp-json\/wp\/v2\/types\/post"}],"author":[{"embeddable":true,"href":"https:\/\/www.iceagetv.com\/radiosite\/wp-json\/wp\/v2\/users\/2"}],"replies":[{"embeddable":true,"href":"https:\/\/www.iceagetv.com\/radiosite\/wp-json\/wp\/v2\/comments?post=22411"}],"version-history":[{"count":1,"href":"https:\/\/www.iceagetv.com\/radiosite\/wp-json\/wp\/v2\/posts\/22411\/revisions"}],"predecessor-version":[{"id":22413,"href":"https:\/\/www.iceagetv.com\/radiosite\/wp-json\/wp\/v2\/posts\/22411\/revisions\/22413"}],"wp:featuredmedia":[{"embeddable":true,"href":"https:\/\/www.iceagetv.com\/radiosite\/wp-json\/wp\/v2\/media\/22412"}],"wp:attachment":[{"href":"https:\/\/www.iceagetv.com\/radiosite\/wp-json\/wp\/v2\/media?parent=22411"}],"wp:term":[{"taxonomy":"category","embeddable":true,"href":"https:\/\/www.iceagetv.com\/radiosite\/wp-json\/wp\/v2\/categories?post=22411"},{"taxonomy":"post_tag","embeddable":true,"href":"https:\/\/www.iceagetv.com\/radiosite\/wp-json\/wp\/v2\/tags?post=22411"}],"curies":[{"name":"wp","href":"https:\/\/api.w.org\/{rel}","templated":true}]}}