{"id":22430,"date":"2022-09-27T13:08:06","date_gmt":"2022-09-27T13:08:06","guid":{"rendered":"http:\/\/www.iceagetv.com\/radiosite\/?p=22430"},"modified":"2022-09-27T13:08:06","modified_gmt":"2022-09-27T13:08:06","slug":"financement-de-la-campagne-presidentielle-de-valerie-pecresse-une-enquete-ouverte-a-paris-apres-un-signalement-de-julien-bayou-au-parquet-de-paris","status":"publish","type":"post","link":"https:\/\/www.iceagetv.com\/radiosite\/financement-de-la-campagne-presidentielle-de-valerie-pecresse-une-enquete-ouverte-a-paris-apres-un-signalement-de-julien-bayou-au-parquet-de-paris\/","title":{"rendered":"Financement de la campagne pr\u00e9sidentielle de Val\u00e9rie P\u00e9cresse: Une enqu\u00eate ouverte \u00e0 Paris apr\u00e8s un signalement de Julien Bayou au parquet de Paris"},"content":{"rendered":"\n<p>Selon&nbsp;<a href=\"https:\/\/www.bfmtv.com\/politique\/elections\/presidentielle\/financement-de-la-campagne-presidentielle-de-valerie-pecresse-une-enquete-ouverte-a-paris_AN-202209270407.html\" target=\"_blank\" rel=\"noreferrer noopener\">BFMTV<\/a>, le parquet de Paris a ouvert une enqu\u00eate pr\u00e9liminaire pour \u00ab\u00a0financement ill\u00e9gal de campagne \u00e9lectorale\u00a0\u00bb, \u00ab\u00a0financement ill\u00e9gal de parti\u00a0\u00bb, \u00ab\u00a0d\u00e9tournement de fonds publics\u00a0\u00bb, \u00ab\u00a0abus de biens sociaux\u00a0\u00bb et \u00ab\u00a0prise ill\u00e9gale d&rsquo;int\u00e9r\u00eats\u00a0\u00bb concernant la campagne pr\u00e9sidentielle de l&rsquo;ex-candidate Val\u00e9rie P\u00e9cresse.<\/p>\n\n\n\n<p>D&rsquo;apr\u00e8s nos confr\u00e8res, les investigations ont \u00e9t\u00e9 ouvertes apr\u00e8s un signalement fait par Julien Bayou, au printemps dernier, aupr\u00e8s du parquet de Paris. L&rsquo;\u00e9lu \u00e9voque, dans son signalement, un courrier \u00e9crit en mars dernier par Babette de Rozi\u00e8res, conseill\u00e8re r\u00e9gionale Ile-de-France.<\/p>\n\n\n\n<p>Dans celui-ci, elle annon\u00e7ait sa d\u00e9cision de quitter la campagne \u00ab\u00a0hors sol\u00a0\u00bb de la pr\u00e9sidente de la r\u00e9gion Ile-de-France. Elle a reproch\u00e9 notamment \u00e0 la candidate de ne pas s&rsquo;\u00eatre rendue \u00e0 des manifestations qu&rsquo;elle avait organis\u00e9es. \u00ab\u00a0Julien Bayou estime que des moyens de la R\u00e9gion ont \u00e9t\u00e9 mis au service de sa campagne pr\u00e9sidentielle\u00a0\u00bb, pr\u00e9cise BFMTV.<\/p>\n","protected":false},"excerpt":{"rendered":"<p>Selon&nbsp;BFMTV, le parquet de Paris a ouvert une enqu\u00eate pr\u00e9liminaire pour \u00ab\u00a0financement ill\u00e9gal de campagne \u00e9lectorale\u00a0\u00bb, \u00ab\u00a0financement ill\u00e9gal de parti\u00a0\u00bb, \u00ab\u00a0d\u00e9tournement de fonds publics\u00a0\u00bb, \u00ab\u00a0abus de biens sociaux\u00a0\u00bb et \u00ab\u00a0prise ill\u00e9gale d&rsquo;int\u00e9r\u00eats\u00a0\u00bb concernant la campagne pr\u00e9sidentielle de l&rsquo;ex-candidate Val\u00e9rie P\u00e9cresse. D&rsquo;apr\u00e8s nos confr\u00e8res, les investigations ont \u00e9t\u00e9 ouvertes apr\u00e8s un signalement fait par Julien Bayou, [&hellip;]<\/p>\n","protected":false},"author":2,"featured_media":22431,"comment_status":"open","ping_status":"open","sticky":false,"template":"","format":"standard","meta":{"_jetpack_memberships_contains_paid_content":false,"footnotes":"","jetpack_publicize_message":"","jetpack_publicize_feature_enabled":true,"jetpack_social_post_already_shared":true,"jetpack_social_options":{"image_generator_settings":{"template":"highway","default_image_id":0,"font":"","enabled":false},"version":2},"_wpas_customize_per_network":false},"categories":[405],"tags":[],"class_list":["post-22430","post","type-post","status-publish","format-standard","has-post-thumbnail","hentry","category-actu-france-monde"],"jetpack_publicize_connections":[],"jetpack_featured_media_url":"https:\/\/i0.wp.com\/www.iceagetv.com\/radiosite\/wp-content\/uploads\/2022\/09\/Financement-de-la-campagne-presidentielle-de-Valerie-Pecresse.jpg?fit=679%2C293&ssl=1","jetpack_sharing_enabled":true,"_links":{"self":[{"href":"https:\/\/www.iceagetv.com\/radiosite\/wp-json\/wp\/v2\/posts\/22430","targetHints":{"allow":["GET"]}}],"collection":[{"href":"https:\/\/www.iceagetv.com\/radiosite\/wp-json\/wp\/v2\/posts"}],"about":[{"href":"https:\/\/www.iceagetv.com\/radiosite\/wp-json\/wp\/v2\/types\/post"}],"author":[{"embeddable":true,"href":"https:\/\/www.iceagetv.com\/radiosite\/wp-json\/wp\/v2\/users\/2"}],"replies":[{"embeddable":true,"href":"https:\/\/www.iceagetv.com\/radiosite\/wp-json\/wp\/v2\/comments?post=22430"}],"version-history":[{"count":1,"href":"https:\/\/www.iceagetv.com\/radiosite\/wp-json\/wp\/v2\/posts\/22430\/revisions"}],"predecessor-version":[{"id":22432,"href":"https:\/\/www.iceagetv.com\/radiosite\/wp-json\/wp\/v2\/posts\/22430\/revisions\/22432"}],"wp:featuredmedia":[{"embeddable":true,"href":"https:\/\/www.iceagetv.com\/radiosite\/wp-json\/wp\/v2\/media\/22431"}],"wp:attachment":[{"href":"https:\/\/www.iceagetv.com\/radiosite\/wp-json\/wp\/v2\/media?parent=22430"}],"wp:term":[{"taxonomy":"category","embeddable":true,"href":"https:\/\/www.iceagetv.com\/radiosite\/wp-json\/wp\/v2\/categories?post=22430"},{"taxonomy":"post_tag","embeddable":true,"href":"https:\/\/www.iceagetv.com\/radiosite\/wp-json\/wp\/v2\/tags?post=22430"}],"curies":[{"name":"wp","href":"https:\/\/api.w.org\/{rel}","templated":true}]}}