{"id":22441,"date":"2022-09-28T08:34:33","date_gmt":"2022-09-28T08:34:33","guid":{"rendered":"http:\/\/www.iceagetv.com\/radiosite\/?p=22441"},"modified":"2022-09-28T08:34:33","modified_gmt":"2022-09-28T08:34:33","slug":"le-rappeur-kaaris-place-en-garde-a-vue-ce-matin-au-commissariat-de-sainte-genevieve-des-bois-pour-des-violences-sur-son-ex-compagne","status":"publish","type":"post","link":"https:\/\/www.iceagetv.com\/radiosite\/le-rappeur-kaaris-place-en-garde-a-vue-ce-matin-au-commissariat-de-sainte-genevieve-des-bois-pour-des-violences-sur-son-ex-compagne\/","title":{"rendered":"Le rappeur Kaaris plac\u00e9 en garde \u00e0 vue ce matin\u00a0au commissariat de Sainte-Genevi\u00e8ve-des-Bois pour des violences sur son ex-compagne"},"content":{"rendered":"\n<p>Selon&nbsp;<a href=\"https:\/\/www.leparisien.fr\/essonne-91\/le-rappeur-kaaris-place-en-garde-a-vue-pour-des-violences-sur-son-ex-compagne-28-09-2022-6X7KC7G3KVDEPCK6ZE3ASSL65Y.php\" target=\"_blank\" rel=\"noreferrer noopener\">Le Parisien<\/a>, le rappeur Kaaris a \u00e9t\u00e9 plac\u00e9 en garde \u00e0 vue ce matin au commissariat de Sainte-Genevi\u00e8ve-des-Bois (Essonne). Une information confirm\u00e9e \u00e0 nos confr\u00e8res par le parquet d\u2019Evry-Courcouronnes.<\/p>\n\n\n\n<p>Il a \u00e9t\u00e9 plac\u00e9 en garde \u00e0 vue \u00e0 la suite d&rsquo;une plainte d\u00e9pos\u00e9e par son ex-compagne, Linda, pour violences. \u00ab\u00a0Le parquet d\u2019\u00c9vry-Courcouronnes avait ouvert une enqu\u00eate pr\u00e9liminaire pour les faits pr\u00e9sum\u00e9s de violence volontaire contre le rappeur et non assistance \u00e0 personne en danger contre sa nouvelle compagne, Marion P\u00a0\u00bb, indiquent nos confr\u00e8res.<\/p>\n\n\n\n<p>L&rsquo;avocat de Kaaris explique au Parisien \u00ab\u00a0avoir insist\u00e9 pour qu\u2019il soit entendu le plus rapidement possible et avons demand\u00e9 une confrontation pour mettre son accusatrice face \u00e0 ses contradictions\u00a0\u00bb. \u00ab\u00a0C\u2019est la proc\u00e9dure classique dans ce genre de situation\u00a0\u00bb, ajoute Me Yassine Maharsi.<\/p>\n\n\n\n<p>Une enqu\u00eate pr\u00e9liminaire visant le rappeur Kaaris avait \u00e9t\u00e9 ouverte en juillet dernier apr\u00e8s une plainte pour violences volontaires aggrav\u00e9es d\u00e9pos\u00e9e par son ex-compagne,. Linda P., qui a un enfant avec Kaaris, d\u00e9nonce des faits datant du 19 janvier 2021. Dans sa plainte d\u00e9pos\u00e9e le 7 juillet, elle fait \u00e9tat d&rsquo;un \u00abcomportement fuyant\u00bb soudain et sans explication de la part de Kaaris, provoquant un \u00abprofond traumatisme\u00bb chez leur enfant. Face \u00e0 cette absence inexpliqu\u00e9e, elle aurait tent\u00e9 \u00abde reprendre contact\u00bb avec Kaaris, dit l&rsquo;un de ses conseils Me Adrien Gabeaud, et aurait d\u00e9couvert que le rappeur avait acquis \u00abune nouvelle r\u00e9sidence\u00bb \u00e0 Linas (Essonne) au sud de Paris.<\/p>\n\n\n\n<p>Elle s&rsquo;y rend le 19 janvier 2021 et \u00abretrouve au lit\u00bb Kaaris, avec une autre femme, poursuit son conseil, qui la d\u00e9fend aux c\u00f4t\u00e9s de Me Sema Akman. L\u00e0, Kaaris est accus\u00e9 d&rsquo;avoir violent\u00e9 Linda P. dans le garage de sa maison, en lui ass\u00e9nant coups de pied et coups de poing tout en lui arrachant les ongles, d\u00e9nonce la plainte, qui pr\u00e9cise que Linda P. a eu besoin de \u00abb\u00e9quilles et d&rsquo;une botte de maintien pendant deux semaines\u00bb.<\/p>\n\n\n\n<p>La plainte vise \u00e9galement la femme avec laquelle Kaaris se trouvait le jour de l&rsquo;agression all\u00e9gu\u00e9e, Marion P., pour non-assistance \u00e0 personne en danger. Linda P. a d\u00e9pos\u00e9 une main courante le 17 f\u00e9vrier 2021, \u00abh\u00e9sitant \u00e0 porter plainte \u00e0 cause d&rsquo;un certain nombre de pressions de la part de Kaaris et de son entourage\u00bb, assure Me Gabeaud. Le 7 juillet 2022, elle a finalement port\u00e9 plainte estimant que \u00abtrop, c&rsquo;est trop\u00bb, a affirm\u00e9 son avocat.<\/p>\n","protected":false},"excerpt":{"rendered":"<p>Selon&nbsp;Le Parisien, le rappeur Kaaris a \u00e9t\u00e9 plac\u00e9 en garde \u00e0 vue ce matin au commissariat de Sainte-Genevi\u00e8ve-des-Bois (Essonne). Une information confirm\u00e9e \u00e0 nos confr\u00e8res par le parquet d\u2019Evry-Courcouronnes. Il a \u00e9t\u00e9 plac\u00e9 en garde \u00e0 vue \u00e0 la suite d&rsquo;une plainte d\u00e9pos\u00e9e par son ex-compagne, Linda, pour violences. \u00ab\u00a0Le parquet d\u2019\u00c9vry-Courcouronnes avait ouvert une [&hellip;]<\/p>\n","protected":false},"author":2,"featured_media":22442,"comment_status":"open","ping_status":"open","sticky":false,"template":"","format":"standard","meta":{"_jetpack_memberships_contains_paid_content":false,"footnotes":"","jetpack_publicize_message":"","jetpack_publicize_feature_enabled":true,"jetpack_social_post_already_shared":true,"jetpack_social_options":{"image_generator_settings":{"template":"highway","default_image_id":0,"font":"","enabled":false},"version":2},"_wpas_customize_per_network":false},"categories":[68],"tags":[],"class_list":["post-22441","post","type-post","status-publish","format-standard","has-post-thumbnail","hentry","category-actu-culturelle"],"jetpack_publicize_connections":[],"jetpack_featured_media_url":"https:\/\/i0.wp.com\/www.iceagetv.com\/radiosite\/wp-content\/uploads\/2022\/09\/Le-rappeur-Kaaris-place-en-garde-a-vue.jpg?fit=679%2C293&ssl=1","jetpack_sharing_enabled":true,"_links":{"self":[{"href":"https:\/\/www.iceagetv.com\/radiosite\/wp-json\/wp\/v2\/posts\/22441","targetHints":{"allow":["GET"]}}],"collection":[{"href":"https:\/\/www.iceagetv.com\/radiosite\/wp-json\/wp\/v2\/posts"}],"about":[{"href":"https:\/\/www.iceagetv.com\/radiosite\/wp-json\/wp\/v2\/types\/post"}],"author":[{"embeddable":true,"href":"https:\/\/www.iceagetv.com\/radiosite\/wp-json\/wp\/v2\/users\/2"}],"replies":[{"embeddable":true,"href":"https:\/\/www.iceagetv.com\/radiosite\/wp-json\/wp\/v2\/comments?post=22441"}],"version-history":[{"count":1,"href":"https:\/\/www.iceagetv.com\/radiosite\/wp-json\/wp\/v2\/posts\/22441\/revisions"}],"predecessor-version":[{"id":22443,"href":"https:\/\/www.iceagetv.com\/radiosite\/wp-json\/wp\/v2\/posts\/22441\/revisions\/22443"}],"wp:featuredmedia":[{"embeddable":true,"href":"https:\/\/www.iceagetv.com\/radiosite\/wp-json\/wp\/v2\/media\/22442"}],"wp:attachment":[{"href":"https:\/\/www.iceagetv.com\/radiosite\/wp-json\/wp\/v2\/media?parent=22441"}],"wp:term":[{"taxonomy":"category","embeddable":true,"href":"https:\/\/www.iceagetv.com\/radiosite\/wp-json\/wp\/v2\/categories?post=22441"},{"taxonomy":"post_tag","embeddable":true,"href":"https:\/\/www.iceagetv.com\/radiosite\/wp-json\/wp\/v2\/tags?post=22441"}],"curies":[{"name":"wp","href":"https:\/\/api.w.org\/{rel}","templated":true}]}}