{"id":22454,"date":"2022-09-29T07:21:05","date_gmt":"2022-09-29T07:21:05","guid":{"rendered":"http:\/\/www.iceagetv.com\/radiosite\/?p=22454"},"modified":"2022-09-29T07:21:05","modified_gmt":"2022-09-29T07:21:05","slug":"reforme-des-retraites-emmanuel-macron-nexclut-pas-de-dissoudre-lassemblee-nationale-en-cas-de-motion-de-censure-contre-le-gouvernement","status":"publish","type":"post","link":"https:\/\/www.iceagetv.com\/radiosite\/reforme-des-retraites-emmanuel-macron-nexclut-pas-de-dissoudre-lassemblee-nationale-en-cas-de-motion-de-censure-contre-le-gouvernement\/","title":{"rendered":"R\u00e9forme des retraites\u00a0:\u00a0Emmanuel Macron n&rsquo;exclut pas de dissoudre l&rsquo;Assembl\u00e9e nationale en cas de motion de censure contre le gouvernement"},"content":{"rendered":"\n<p>Emmanuel Macron n&rsquo;exclut pas de dissoudre l&rsquo;Assembl\u00e9e nationale pour provoquer de nouvelles \u00e9lections l\u00e9gislatives si les d\u00e9bats sur\u00a0<a rel=\"noreferrer noopener\" href=\"https:\/\/www.francetvinfo.fr\/economie\/retraite\/reforme-des-retraites\/reformes-des-retraites-et-si-apres-un-diner-annonce-tendu-a-l-elysee-se-profilait-une-troisieme-voie_5385409.html\" target=\"_blank\">la r\u00e9forme des retraites<\/a>\u00a0n&rsquo;aboutissent pas et qu&rsquo;une motion de censure est vot\u00e9e contre le gouvernement, a appris jeudi 29 septembre franceinfo aupr\u00e8s de participants au d\u00eener de travail de la majorit\u00e9 pr\u00e9sidentielle organis\u00e9 \u00e0 l&rsquo;\u00c9lys\u00e9e mercredi soir.<\/p>\n\n\n\n<p>\u00c0 l&rsquo;issue de cette r\u00e9union entre les ministres concern\u00e9s par le dossier des retraites et les responsables des composantes de la majorit\u00e9, la Premi\u00e8re ministre a annonc\u00e9 le lancement, d\u00e8s la semaine prochaine, d&rsquo;une nouvelle concertation sur la future r\u00e9forme, alors qu&rsquo;une&nbsp;<a href=\"https:\/\/www.francetvinfo.fr\/economie\/greve\/greve-des-transports\/transports-ecoles-manifestations-ce-qu-il-faut-attendre-de-la-journee-de-greve-jeudi_5385730.html\" target=\"_blank\" rel=\"noreferrer noopener\">journ\u00e9e de mobilisation est pr\u00e9vue ce jeudi<\/a>&nbsp;\u00e0 l&rsquo;appel de plusieurs syndicats.<\/p>\n\n\n\n<h2 class=\"wp-block-heading\">Un texte vot\u00e9 d&rsquo;ici la fin de l&rsquo;ann\u00e9e<\/h2>\n\n\n\n<p>Cette nouvelle concertation sera men\u00e9e sur la base des promesses de campagne \u00e9lectorale d&rsquo;Emmanuel Macron, \u00e0 savoir le recul de l&rsquo;\u00e2ge de d\u00e9part \u00e0 la retraite \u00e0 65 ans en 2031. Les discussions porteront ainsi sur la question des carri\u00e8res longues ou de la p\u00e9nibilit\u00e9. \u00ab\u00a0<em>On ne peut pas r\u00e9former le pays en se passant des syndicats<\/em>\u00ab\u00a0, justifie \u00e0 franceinfo un parlementaire proche d&rsquo;Emmanuel Macron.<\/p>\n\n\n\n<p>Selon les participants \u00e0 cette r\u00e9union, un consensus a \u00e9t\u00e9 trouv\u00e9 pour que le texte soit vot\u00e9 avant la fin de l&rsquo;ann\u00e9e par les parlementaires, en vue d&rsquo;une entr\u00e9e en vigueur \u00e0 l&rsquo;\u00e9t\u00e9 2023. \u00ab\u00a0Aucune voix dissonante\u00a0\u00bb ne s&rsquo;est fait entendre, selon un des participants.<\/p>\n","protected":false},"excerpt":{"rendered":"<p>Emmanuel Macron n&rsquo;exclut pas de dissoudre l&rsquo;Assembl\u00e9e nationale pour provoquer de nouvelles \u00e9lections l\u00e9gislatives si les d\u00e9bats sur\u00a0la r\u00e9forme des retraites\u00a0n&rsquo;aboutissent pas et qu&rsquo;une motion de censure est vot\u00e9e contre le gouvernement, a appris jeudi 29 septembre franceinfo aupr\u00e8s de participants au d\u00eener de travail de la majorit\u00e9 pr\u00e9sidentielle organis\u00e9 \u00e0 l&rsquo;\u00c9lys\u00e9e mercredi soir. \u00c0 [&hellip;]<\/p>\n","protected":false},"author":2,"featured_media":22455,"comment_status":"open","ping_status":"open","sticky":false,"template":"","format":"standard","meta":{"_jetpack_memberships_contains_paid_content":false,"footnotes":"","jetpack_publicize_message":"","jetpack_publicize_feature_enabled":true,"jetpack_social_post_already_shared":true,"jetpack_social_options":{"image_generator_settings":{"template":"highway","default_image_id":0,"font":"","enabled":false},"version":2},"_wpas_customize_per_network":false},"categories":[405],"tags":[],"class_list":["post-22454","post","type-post","status-publish","format-standard","has-post-thumbnail","hentry","category-actu-france-monde"],"jetpack_publicize_connections":[],"jetpack_featured_media_url":"https:\/\/i0.wp.com\/www.iceagetv.com\/radiosite\/wp-content\/uploads\/2022\/09\/Emmanuel-Macron-nexclut-pas-de-dissoudre-lAssemblee-nationale-en-cas-de-motion-de-censure-contre-le-gouvernement.png?fit=711%2C497&ssl=1","jetpack_sharing_enabled":true,"_links":{"self":[{"href":"https:\/\/www.iceagetv.com\/radiosite\/wp-json\/wp\/v2\/posts\/22454","targetHints":{"allow":["GET"]}}],"collection":[{"href":"https:\/\/www.iceagetv.com\/radiosite\/wp-json\/wp\/v2\/posts"}],"about":[{"href":"https:\/\/www.iceagetv.com\/radiosite\/wp-json\/wp\/v2\/types\/post"}],"author":[{"embeddable":true,"href":"https:\/\/www.iceagetv.com\/radiosite\/wp-json\/wp\/v2\/users\/2"}],"replies":[{"embeddable":true,"href":"https:\/\/www.iceagetv.com\/radiosite\/wp-json\/wp\/v2\/comments?post=22454"}],"version-history":[{"count":1,"href":"https:\/\/www.iceagetv.com\/radiosite\/wp-json\/wp\/v2\/posts\/22454\/revisions"}],"predecessor-version":[{"id":22456,"href":"https:\/\/www.iceagetv.com\/radiosite\/wp-json\/wp\/v2\/posts\/22454\/revisions\/22456"}],"wp:featuredmedia":[{"embeddable":true,"href":"https:\/\/www.iceagetv.com\/radiosite\/wp-json\/wp\/v2\/media\/22455"}],"wp:attachment":[{"href":"https:\/\/www.iceagetv.com\/radiosite\/wp-json\/wp\/v2\/media?parent=22454"}],"wp:term":[{"taxonomy":"category","embeddable":true,"href":"https:\/\/www.iceagetv.com\/radiosite\/wp-json\/wp\/v2\/categories?post=22454"},{"taxonomy":"post_tag","embeddable":true,"href":"https:\/\/www.iceagetv.com\/radiosite\/wp-json\/wp\/v2\/tags?post=22454"}],"curies":[{"name":"wp","href":"https:\/\/api.w.org\/{rel}","templated":true}]}}