{"id":22472,"date":"2022-09-30T07:11:28","date_gmt":"2022-09-30T07:11:28","guid":{"rendered":"http:\/\/www.iceagetv.com\/radiosite\/?p=22472"},"modified":"2022-09-30T07:11:28","modified_gmt":"2022-09-30T07:11:28","slug":"de-violents-affrontements-ont-eclate-cette-nuit-en-plein-coeur-de-rennes-alors-quune-manifestation-sauvage-a-ete-organisee-place-sainte-anne-a-lappel-de-lultra-gauche-qui-voulait","status":"publish","type":"post","link":"https:\/\/www.iceagetv.com\/radiosite\/de-violents-affrontements-ont-eclate-cette-nuit-en-plein-coeur-de-rennes-alors-quune-manifestation-sauvage-a-ete-organisee-place-sainte-anne-a-lappel-de-lultra-gauche-qui-voulait\/","title":{"rendered":"De violents affrontements ont \u00e9clat\u00e9 cette nuit en plein coeur de Rennes alors qu&rsquo;une manifestation sauvage a \u00e9t\u00e9 organis\u00e9e, Place Sainte-Anne \u00e0 l\u2019appel de l\u2019ultra-gauche qui voulait en d\u00e9coudre avec les forces de l&rsquo;ordre"},"content":{"rendered":"\n<p>Les affrontements ont \u00e9t\u00e9 tr\u00e8s violents cette nuit en plein coeur de Rennes alors qu&rsquo;une manifestation sauvage a \u00e9t\u00e9 organis\u00e9e, cette nuit place Sainte-Anne, dans le centre-ville, \u00e0 l\u2019appel de l\u2019ultra-gauche. Un impressionnant feu a \u00e9t\u00e9 allum\u00e9 au milieu de la place&nbsp;Sainte-Anne. La police est intervenue. Aux gaz lacrymog\u00e8nes ont r\u00e9pondu projectiles divers et tirs de mortiers.<\/p>\n\n\n\n<p>Un peu plus t\u00f4t, sur les r\u00e9seaux sociaux, avait circul\u00e9 un appel \u00e0 un cort\u00e8ge revendicatif avec rassemblement place Sainte-Anne, notamment d\u2019un groupe d\u2019ultragauche qui comptait bien en d\u00e9coudre avec les forces de l\u2019ordre.<\/p>\n\n\n\n<p>Vers 22 h 30, un groupe de manifestants, dont une cinquantaine tout de noir v\u00eatu, encagoul\u00e9s et avec des parapluies, se rassemble cours du Vieux Saint-Etienne racontent nos confr\u00e8res de&nbsp;<a href=\"https:\/\/www.ouest-france.fr\/bretagne\/rennes-35000\/rennes-violentes-emeutes-jeudi-soir-dans-le-centre-ville-05887e70-4059-11ed-ba73-6636a9f64449\" target=\"_blank\" rel=\"noreferrer noopener\">Ouest France<\/a>.<\/p>\n\n\n\n<p>La police intervient et les chasse apr\u00e8s des affrontements sporadiques. Mais ces derniers remontent vers la place Sainte-Anne et tr\u00e8s vite, les manifestants assemblent, au milieu de la place, un imposant b\u00fbcher et c&rsquo;est l\u00e0 que les incidents se sont poursuivis avec les forces de l&rsquo;ordre.<\/p>\n","protected":false},"excerpt":{"rendered":"<p>Les affrontements ont \u00e9t\u00e9 tr\u00e8s violents cette nuit en plein coeur de Rennes alors qu&rsquo;une manifestation sauvage a \u00e9t\u00e9 organis\u00e9e, cette nuit place Sainte-Anne, dans le centre-ville, \u00e0 l\u2019appel de l\u2019ultra-gauche. Un impressionnant feu a \u00e9t\u00e9 allum\u00e9 au milieu de la place&nbsp;Sainte-Anne. La police est intervenue. Aux gaz lacrymog\u00e8nes ont r\u00e9pondu projectiles divers et tirs [&hellip;]<\/p>\n","protected":false},"author":2,"featured_media":0,"comment_status":"open","ping_status":"open","sticky":false,"template":"","format":"standard","meta":{"_jetpack_memberships_contains_paid_content":false,"footnotes":"","jetpack_publicize_message":"","jetpack_publicize_feature_enabled":true,"jetpack_social_post_already_shared":true,"jetpack_social_options":{"image_generator_settings":{"template":"highway","default_image_id":0,"font":"","enabled":false},"version":2},"_wpas_customize_per_network":false},"categories":[405],"tags":[],"class_list":["post-22472","post","type-post","status-publish","format-standard","hentry","category-actu-france-monde"],"jetpack_publicize_connections":[],"jetpack_featured_media_url":"","jetpack_sharing_enabled":true,"_links":{"self":[{"href":"https:\/\/www.iceagetv.com\/radiosite\/wp-json\/wp\/v2\/posts\/22472","targetHints":{"allow":["GET"]}}],"collection":[{"href":"https:\/\/www.iceagetv.com\/radiosite\/wp-json\/wp\/v2\/posts"}],"about":[{"href":"https:\/\/www.iceagetv.com\/radiosite\/wp-json\/wp\/v2\/types\/post"}],"author":[{"embeddable":true,"href":"https:\/\/www.iceagetv.com\/radiosite\/wp-json\/wp\/v2\/users\/2"}],"replies":[{"embeddable":true,"href":"https:\/\/www.iceagetv.com\/radiosite\/wp-json\/wp\/v2\/comments?post=22472"}],"version-history":[{"count":1,"href":"https:\/\/www.iceagetv.com\/radiosite\/wp-json\/wp\/v2\/posts\/22472\/revisions"}],"predecessor-version":[{"id":22473,"href":"https:\/\/www.iceagetv.com\/radiosite\/wp-json\/wp\/v2\/posts\/22472\/revisions\/22473"}],"wp:attachment":[{"href":"https:\/\/www.iceagetv.com\/radiosite\/wp-json\/wp\/v2\/media?parent=22472"}],"wp:term":[{"taxonomy":"category","embeddable":true,"href":"https:\/\/www.iceagetv.com\/radiosite\/wp-json\/wp\/v2\/categories?post=22472"},{"taxonomy":"post_tag","embeddable":true,"href":"https:\/\/www.iceagetv.com\/radiosite\/wp-json\/wp\/v2\/tags?post=22472"}],"curies":[{"name":"wp","href":"https:\/\/api.w.org\/{rel}","templated":true}]}}