{"id":22498,"date":"2022-10-02T09:11:28","date_gmt":"2022-10-02T09:11:28","guid":{"rendered":"http:\/\/www.iceagetv.com\/radiosite\/?p=22498"},"modified":"2022-10-02T09:11:28","modified_gmt":"2022-10-02T09:11:28","slug":"coronavirus-le-canada-a-mis-un-terme-cette-nuit-a-toutes-les-restrictions-sanitaires-aux-frontieres-comme-cela-avait-ete-annonce-en-septembre-dernier","status":"publish","type":"post","link":"https:\/\/www.iceagetv.com\/radiosite\/coronavirus-le-canada-a-mis-un-terme-cette-nuit-a-toutes-les-restrictions-sanitaires-aux-frontieres-comme-cela-avait-ete-annonce-en-septembre-dernier\/","title":{"rendered":"Coronavirus : Le Canada a mis un terme cette nuit \u00e0 toutes les restrictions sanitaires aux fronti\u00e8res comme cela avait \u00e9t\u00e9 annonc\u00e9 en septembre dernier"},"content":{"rendered":"\n<p>Comme annonc\u00e9 fin septembre par le gouvernement canadien, le pays a mis un terme cette nuit \u00e0 toutes les restrictions sanitaires aux fronti\u00e8res visant \u00e0 lutter contre la propagation du Covid-19 et notamment la fin de la vaccination obligatoire \u00e0 l&rsquo;entr\u00e9e au Canada.<\/p>\n\n\n\n<p>\u00abNous jugeons que nous sommes maintenant en mesure de modifier notre approche aux fronti\u00e8res internationales\u00bb, avait d\u00e9clar\u00e9 Dominic LeBlanc, le ministre des Affaires intergouvernementales, indiquant que \u00abla situation sanitaire s&rsquo;est grandement am\u00e9lior\u00e9e\u00bb. Les voyageurs n&rsquo;ont donc plus d&rsquo;obligation de d\u00e9pistage, de quarantaine ou d&rsquo;isolement.<\/p>\n\n\n\n<p>Les personnes de plus de 12 ans devaient jusqu&rsquo;ici \u00eatre vaccin\u00e9es pour entrer au Canada ou bien se soumettre \u00e0 un test de d\u00e9pistage avant l&rsquo;entr\u00e9e, \u00e0 l&rsquo;arriv\u00e9e et se placer en quarantaine pendant 14 jours. Des tests al\u00e9atoires \u00e9taient \u00e9galement toujours en place pour les personnes vaccin\u00e9es.<\/p>\n\n\n\n<p>Par ailleurs, le Canada imposait le port du masque dans les avions et les trains. Selon le gouvernement canadien, la transmission du virus se fait essentiellement \u00e0 l&rsquo;int\u00e9rieur du pays. Toutefois, le port du masque reste recommand\u00e9 pour \u00e9viter la propagation du virus. \u00abLes importations de cas de Covid et de ses variants n&rsquo;influencent plus significativement l&rsquo;\u00e9volution de la pand\u00e9mie au pays\u00bb, a justifi\u00e9 le ministre de la Sant\u00e9 Jean-Yves Duclos.<\/p>\n\n\n\n<p>\u00abL&rsquo;accent doit \u00eatre sur la vaccination \u00e0 jour (&#8230;) c&rsquo;est l\u00e0 qu&rsquo;il faut investir\u00bb, a pr\u00e9cis\u00e9 Jean-Yves Duclos en ajoutant que le Covid-19 \u00abest toujours l\u00e0\u00bb. Environ 90% de la population des 12 ans et plus ont re\u00e7u deux doses de vaccin, et la moiti\u00e9 ont en outre re\u00e7u un rappel, selon les chiffres du gouvernement.<\/p>\n","protected":false},"excerpt":{"rendered":"<p>Comme annonc\u00e9 fin septembre par le gouvernement canadien, le pays a mis un terme cette nuit \u00e0 toutes les restrictions sanitaires aux fronti\u00e8res visant \u00e0 lutter contre la propagation du Covid-19 et notamment la fin de la vaccination obligatoire \u00e0 l&rsquo;entr\u00e9e au Canada. \u00abNous jugeons que nous sommes maintenant en mesure de modifier notre approche [&hellip;]<\/p>\n","protected":false},"author":2,"featured_media":22499,"comment_status":"open","ping_status":"open","sticky":false,"template":"","format":"standard","meta":{"_jetpack_memberships_contains_paid_content":false,"footnotes":"","jetpack_publicize_message":"","jetpack_publicize_feature_enabled":true,"jetpack_social_post_already_shared":true,"jetpack_social_options":{"image_generator_settings":{"template":"highway","default_image_id":0,"font":"","enabled":false},"version":2},"_wpas_customize_per_network":false},"categories":[405],"tags":[],"class_list":["post-22498","post","type-post","status-publish","format-standard","has-post-thumbnail","hentry","category-actu-france-monde"],"jetpack_publicize_connections":[],"jetpack_featured_media_url":"https:\/\/i0.wp.com\/www.iceagetv.com\/radiosite\/wp-content\/uploads\/2022\/10\/Le-Canada-a-mis-un-terme-cette-nuit-a-toutes-les-restrictions-sanitaires.jpg?fit=679%2C293&ssl=1","jetpack_sharing_enabled":true,"_links":{"self":[{"href":"https:\/\/www.iceagetv.com\/radiosite\/wp-json\/wp\/v2\/posts\/22498","targetHints":{"allow":["GET"]}}],"collection":[{"href":"https:\/\/www.iceagetv.com\/radiosite\/wp-json\/wp\/v2\/posts"}],"about":[{"href":"https:\/\/www.iceagetv.com\/radiosite\/wp-json\/wp\/v2\/types\/post"}],"author":[{"embeddable":true,"href":"https:\/\/www.iceagetv.com\/radiosite\/wp-json\/wp\/v2\/users\/2"}],"replies":[{"embeddable":true,"href":"https:\/\/www.iceagetv.com\/radiosite\/wp-json\/wp\/v2\/comments?post=22498"}],"version-history":[{"count":1,"href":"https:\/\/www.iceagetv.com\/radiosite\/wp-json\/wp\/v2\/posts\/22498\/revisions"}],"predecessor-version":[{"id":22500,"href":"https:\/\/www.iceagetv.com\/radiosite\/wp-json\/wp\/v2\/posts\/22498\/revisions\/22500"}],"wp:featuredmedia":[{"embeddable":true,"href":"https:\/\/www.iceagetv.com\/radiosite\/wp-json\/wp\/v2\/media\/22499"}],"wp:attachment":[{"href":"https:\/\/www.iceagetv.com\/radiosite\/wp-json\/wp\/v2\/media?parent=22498"}],"wp:term":[{"taxonomy":"category","embeddable":true,"href":"https:\/\/www.iceagetv.com\/radiosite\/wp-json\/wp\/v2\/categories?post=22498"},{"taxonomy":"post_tag","embeddable":true,"href":"https:\/\/www.iceagetv.com\/radiosite\/wp-json\/wp\/v2\/tags?post=22498"}],"curies":[{"name":"wp","href":"https:\/\/api.w.org\/{rel}","templated":true}]}}