{"id":22503,"date":"2022-10-02T18:58:13","date_gmt":"2022-10-02T18:58:13","guid":{"rendered":"http:\/\/www.iceagetv.com\/radiosite\/?p=22503"},"modified":"2022-10-02T18:58:13","modified_gmt":"2022-10-02T18:58:13","slug":"paris-des-milliers-de-manifestants-dans-la-rue-en-soutien-aux-iraniennes","status":"publish","type":"post","link":"https:\/\/www.iceagetv.com\/radiosite\/paris-des-milliers-de-manifestants-dans-la-rue-en-soutien-aux-iraniennes\/","title":{"rendered":"PARIS: DES MILLIERS DE MANIFESTANTS DANS LA RUE EN SOUTIEN AUX IRANIENNES"},"content":{"rendered":"\n<p>Les manifestants d\u00e9noncent la r\u00e9pression en Iran o\u00f9 le peuple proteste depuis la mort de la jeune Mahsa Amni, arr\u00eat\u00e9e par la police des m\u0153urs.<\/p>\n\n\n\n<p>Des milliers de personnes ont d\u00e9fil\u00e9 \u00e0 Paris dimanche pour condamner la r\u00e9pression en Iran des manifestations d\u00e9clench\u00e9es par&nbsp;<a href=\"https:\/\/www.bfmtv.com\/international\/moyen-orient\/iran\/iran-trois-morts-lors-de-protestations-apres-le-deces-de-la-jeune-mahsa-amini-militante-anti-voile_AD-202209200544.html\">la mort de la jeune Mahsa Amini<\/a>, arr\u00eat\u00e9e par la police des moeurs.<br><br>Comme leurs semblables \u00e0 Los Angeles et Toronto, elles aussi haut-lieu de la diaspora iranienne, les militants ont d\u00e9fil\u00e9 de la Place de la R\u00e9publique \u00e0 la Place de la Nation, parcours traditionnel des grands mouvements parisiens.<br><br>Les manifestants ont scand\u00e9 les slogans \u00ab\u00a0Rejoignez la premi\u00e8re r\u00e9volution f\u00e9ministe!\u00a0\u00bb et \u00ab\u00a0Mahsa Amini, ton nom a fait trembler la tyrannie des ayatollahs\u00a0\u00bb, malgr\u00e9 quelques intenses averses. \u00ab\u00a0Mort \u00e0 la R\u00e9publique islamique\u00a0\u00bb, \u00ab\u00a0Mort au dictateur\u00a0\u00bb et \u00ab\u00a0Femme. Vie. Libert\u00e9\u00a0\u00bb, le code des manifestations en Iran, ont aussi \u00e9t\u00e9 entendus.<\/p>\n\n\n\n<h2 class=\"wp-block-heading\">92 morts selon IHR<\/h2>\n\n\n\n<p>Au moins 92 personnes ont \u00e9t\u00e9 tu\u00e9es en Iran par\u00a0<a href=\"https:\/\/www.bfmtv.com\/international\/moyen-orient\/iran\/la-france-condamne-la-repression-violente-des-manifestations-en-iran_AD-202209260718.html\">la r\u00e9pression des manifestations<\/a>\u00a0qui ont \u00e9clat\u00e9 il y a deux semaines apr\u00e8s\u00a0<a href=\"https:\/\/www.bfmtv.com\/international\/moyen-orient\/iran\/iran-les-parents-de-mahsa-amini-portent-plainte-contre-les-auteurs-de-son-arrestation_AD-202209280433.html\">la mort de Mahsa Amini<\/a>, arr\u00eat\u00e9e par la police des moeurs, selon l&rsquo;ONG Iran Human Rights (IHR).<br><br>Le pr\u00e9sident Ebrahim Ra\u00efssi a de nouveau accus\u00e9 les \u00ab\u00a0ennemis\u00a0\u00bb de l&rsquo;Iran de \u00ab\u00a0conspirer\u00a0\u00bb contre son pays, estimant que leurs tentatives avaient \u00ab\u00a0\u00e9chou\u00e9\u00a0\u00bb alors que les manifestations antigouvernementales, les plus importantes depuis 2019, se poursuivent.<\/p>\n\n\n\n<p>Le mouvement de contestation a \u00e9t\u00e9 d\u00e9clench\u00e9 par le d\u00e9c\u00e8s le 16 septembre de la jeune Kurde iranienne de 22 ans, trois jours apr\u00e8s son arrestation pour infraction au code vestimentaire du pays qui oblige notamment les femmes \u00e0 porter le voile.<br><br>\u00ab\u00a0Pour une fois, les femmes se soul\u00e8vent et sont accompagn\u00e9es des hommes. C&rsquo;est vraiment le moment d&rsquo;essayer de changer les choses. Eux ils sortent, mais ils se font tuer. Nous, on a la chance de pouvoir manifester et se battre pour eux. Donc on viendra\u00a0\u00bb, a d\u00e9clar\u00e9 Guilda Torabi, \u00e9tudiante d&rsquo;origine iranienne.<\/p>\n\n\n\n<blockquote class=\"wp-block-quote is-layout-flow wp-block-quote-is-layout-flow\"><p>\u00ab\u00a0Maintenant, l&rsquo;Iran est devenu une grande prison. Internet est coup\u00e9 et nous maintenant, on est la voix des Iraniens\u00a0\u00bb, a d\u00e9nonc\u00e9 pour sa part Toura Dana, ing\u00e9nieure franco-iranienne.<\/p><\/blockquote>\n\n\n\n<h2 class=\"wp-block-heading\">Des personnalit\u00e9s politiques<\/h2>\n\n\n\n<p>Des personnalit\u00e9s de gauche dont le premier secr\u00e9taire du Parti socialiste, Olivier Faure, la d\u00e9put\u00e9e \u00e9cologiste&nbsp;<a href=\"https:\/\/www.bfmtv.com\/paris\/paris-sandrine-rousseau-huee-lors-de-la-manifestation-de-soutien-aux-femmes-iraniennes_AN-202210020262.html\">Sandrine Rousseau<\/a>&nbsp;et l&rsquo;eurod\u00e9put\u00e9e LFI (gauche radicale) Manon Aubry ont pris la parole, couverts par des sifflets de la part d&rsquo;une diaspora iranienne connue pour sa diversit\u00e9 politique.<\/p>\n","protected":false},"excerpt":{"rendered":"<p>Les manifestants d\u00e9noncent la r\u00e9pression en Iran o\u00f9 le peuple proteste depuis la mort de la jeune Mahsa Amni, arr\u00eat\u00e9e par la police des m\u0153urs. Des milliers de personnes ont d\u00e9fil\u00e9 \u00e0 Paris dimanche pour condamner la r\u00e9pression en Iran des manifestations d\u00e9clench\u00e9es par&nbsp;la mort de la jeune Mahsa Amini, arr\u00eat\u00e9e par la police des [&hellip;]<\/p>\n","protected":false},"author":2,"featured_media":22504,"comment_status":"open","ping_status":"open","sticky":false,"template":"","format":"standard","meta":{"_jetpack_memberships_contains_paid_content":false,"footnotes":"","jetpack_publicize_message":"","jetpack_publicize_feature_enabled":true,"jetpack_social_post_already_shared":true,"jetpack_social_options":{"image_generator_settings":{"template":"highway","default_image_id":0,"font":"","enabled":false},"version":2},"_wpas_customize_per_network":false},"categories":[405],"tags":[],"class_list":["post-22503","post","type-post","status-publish","format-standard","has-post-thumbnail","hentry","category-actu-france-monde"],"jetpack_publicize_connections":[],"jetpack_featured_media_url":"https:\/\/i0.wp.com\/www.iceagetv.com\/radiosite\/wp-content\/uploads\/2022\/10\/DES-MILLIERS-DE-MANIFESTANTS-DANS-LA-RUE-EN-SOUTIEN-AUX-IRANIENNES.jpg?fit=800%2C450&ssl=1","jetpack_sharing_enabled":true,"_links":{"self":[{"href":"https:\/\/www.iceagetv.com\/radiosite\/wp-json\/wp\/v2\/posts\/22503","targetHints":{"allow":["GET"]}}],"collection":[{"href":"https:\/\/www.iceagetv.com\/radiosite\/wp-json\/wp\/v2\/posts"}],"about":[{"href":"https:\/\/www.iceagetv.com\/radiosite\/wp-json\/wp\/v2\/types\/post"}],"author":[{"embeddable":true,"href":"https:\/\/www.iceagetv.com\/radiosite\/wp-json\/wp\/v2\/users\/2"}],"replies":[{"embeddable":true,"href":"https:\/\/www.iceagetv.com\/radiosite\/wp-json\/wp\/v2\/comments?post=22503"}],"version-history":[{"count":1,"href":"https:\/\/www.iceagetv.com\/radiosite\/wp-json\/wp\/v2\/posts\/22503\/revisions"}],"predecessor-version":[{"id":22505,"href":"https:\/\/www.iceagetv.com\/radiosite\/wp-json\/wp\/v2\/posts\/22503\/revisions\/22505"}],"wp:featuredmedia":[{"embeddable":true,"href":"https:\/\/www.iceagetv.com\/radiosite\/wp-json\/wp\/v2\/media\/22504"}],"wp:attachment":[{"href":"https:\/\/www.iceagetv.com\/radiosite\/wp-json\/wp\/v2\/media?parent=22503"}],"wp:term":[{"taxonomy":"category","embeddable":true,"href":"https:\/\/www.iceagetv.com\/radiosite\/wp-json\/wp\/v2\/categories?post=22503"},{"taxonomy":"post_tag","embeddable":true,"href":"https:\/\/www.iceagetv.com\/radiosite\/wp-json\/wp\/v2\/tags?post=22503"}],"curies":[{"name":"wp","href":"https:\/\/api.w.org\/{rel}","templated":true}]}}