{"id":22509,"date":"2022-10-03T12:36:29","date_gmt":"2022-10-03T12:36:29","guid":{"rendered":"http:\/\/www.iceagetv.com\/radiosite\/?p=22509"},"modified":"2022-10-03T12:36:29","modified_gmt":"2022-10-03T12:36:29","slug":"le-directeur-de-linformation-de-france-televisions-est-remercie-par-la-direction-du-groupe-une-motion-de-defiance-avait-ete-votee-contre-lui-en-juin-dernier","status":"publish","type":"post","link":"https:\/\/www.iceagetv.com\/radiosite\/le-directeur-de-linformation-de-france-televisions-est-remercie-par-la-direction-du-groupe-une-motion-de-defiance-avait-ete-votee-contre-lui-en-juin-dernier\/","title":{"rendered":"Le directeur de l&rsquo;information de France T\u00e9l\u00e9visions est remerci\u00e9 par la direction du groupe &#8211; Une motion de d\u00e9fiance avait \u00e9t\u00e9 vot\u00e9e contre lui en juin dernier"},"content":{"rendered":"\n<p>Selon&nbsp;<a href=\"https:\/\/www.leparisien.fr\/culture-loisirs\/tv\/france-televisions-laurent-guimier-le-patron-de-linfo-quitte-le-groupe-03-10-2022-UQTHYKQWL5DS3JWH5MFH7GIHEA.php\" target=\"_blank\" rel=\"noreferrer noopener\">Le Parisien<\/a>, Laurent Guimier, le directeur de l\u2019information de France T\u00e9l\u00e9visions, va prochainement quitter ses fonctions. La d\u00e9cision devrait \u00eatre officielle dans les prochaines heures. C&rsquo;est Alexandre Kara, ex-patron de la r\u00e9daction de France T\u00e9l\u00e9visions et actuel directeur adjoint des programmes de l\u2019entreprise audiovisuelle, qui prendra ses fonctions, indiquent nos confr\u00e8res.<\/p>\n\n\n\n<p>Pour m\u00e9moire, en juin dernier, Laurent Guimier avait \u00e9t\u00e9 fragilis\u00e9 par une motion de d\u00e9fiance vot\u00e9e contre lui. Malgr\u00e9 cette motion, il avait \u00e9t\u00e9 maintenu \u00e0 son poste de directeur de l&rsquo;information de France T\u00e9l\u00e9visions.<\/p>\n\n\n\n<p>Les r\u00e9dactions nationales de France T\u00e9l\u00e9visions avaient majoritairement vot\u00e9 la d\u00e9fiance \u00e0 l&rsquo;\u00e9gard de leur directeur de l&rsquo;information. La d\u00e9fiance avait \u00e9t\u00e9 vot\u00e9e par pr\u00e8s de 83% des suffrages exprim\u00e9s \u00e0 France 2 et au sein de la r\u00e9daction nationale de France 3, 93% \u00e0 franceinfo.fr (r\u00e9daction web).<\/p>\n\n\n\n<p>Laurent Guimier est un journaliste qui a fait une grande partie de sa carri\u00e8re \u00e0 Europe 1, mais a aussi dirig\u00e9 la radio France Info, de 2014 \u00e0 2017. Apr\u00e8s avoir dirig\u00e9 le p\u00f4le radio du groupe Lagard\u00e8re en 2018-2019, il avait int\u00e9gr\u00e9 France T\u00e9l\u00e9visions comme directeur de franceinfo (le site web et l&rsquo;application regroupant les offres TV radio et num\u00e9rique du service public), avant de devenir le directeur de l&rsquo;information en septembre 2020.<\/p>\n","protected":false},"excerpt":{"rendered":"<p>Selon&nbsp;Le Parisien, Laurent Guimier, le directeur de l\u2019information de France T\u00e9l\u00e9visions, va prochainement quitter ses fonctions. La d\u00e9cision devrait \u00eatre officielle dans les prochaines heures. C&rsquo;est Alexandre Kara, ex-patron de la r\u00e9daction de France T\u00e9l\u00e9visions et actuel directeur adjoint des programmes de l\u2019entreprise audiovisuelle, qui prendra ses fonctions, indiquent nos confr\u00e8res. Pour m\u00e9moire, en juin [&hellip;]<\/p>\n","protected":false},"author":2,"featured_media":22510,"comment_status":"open","ping_status":"open","sticky":false,"template":"","format":"standard","meta":{"_jetpack_memberships_contains_paid_content":false,"footnotes":"","jetpack_publicize_message":"","jetpack_publicize_feature_enabled":true,"jetpack_social_post_already_shared":true,"jetpack_social_options":{"image_generator_settings":{"template":"highway","default_image_id":0,"font":"","enabled":false},"version":2},"_wpas_customize_per_network":false},"categories":[68],"tags":[],"class_list":["post-22509","post","type-post","status-publish","format-standard","has-post-thumbnail","hentry","category-actu-culturelle"],"jetpack_publicize_connections":[],"jetpack_featured_media_url":"https:\/\/i0.wp.com\/www.iceagetv.com\/radiosite\/wp-content\/uploads\/2022\/10\/Le-directeur-de-linformation-de-France-Televisions-est-remercie-par-la-direction-du-groupe.jpg?fit=679%2C293&ssl=1","jetpack_sharing_enabled":true,"_links":{"self":[{"href":"https:\/\/www.iceagetv.com\/radiosite\/wp-json\/wp\/v2\/posts\/22509","targetHints":{"allow":["GET"]}}],"collection":[{"href":"https:\/\/www.iceagetv.com\/radiosite\/wp-json\/wp\/v2\/posts"}],"about":[{"href":"https:\/\/www.iceagetv.com\/radiosite\/wp-json\/wp\/v2\/types\/post"}],"author":[{"embeddable":true,"href":"https:\/\/www.iceagetv.com\/radiosite\/wp-json\/wp\/v2\/users\/2"}],"replies":[{"embeddable":true,"href":"https:\/\/www.iceagetv.com\/radiosite\/wp-json\/wp\/v2\/comments?post=22509"}],"version-history":[{"count":1,"href":"https:\/\/www.iceagetv.com\/radiosite\/wp-json\/wp\/v2\/posts\/22509\/revisions"}],"predecessor-version":[{"id":22511,"href":"https:\/\/www.iceagetv.com\/radiosite\/wp-json\/wp\/v2\/posts\/22509\/revisions\/22511"}],"wp:featuredmedia":[{"embeddable":true,"href":"https:\/\/www.iceagetv.com\/radiosite\/wp-json\/wp\/v2\/media\/22510"}],"wp:attachment":[{"href":"https:\/\/www.iceagetv.com\/radiosite\/wp-json\/wp\/v2\/media?parent=22509"}],"wp:term":[{"taxonomy":"category","embeddable":true,"href":"https:\/\/www.iceagetv.com\/radiosite\/wp-json\/wp\/v2\/categories?post=22509"},{"taxonomy":"post_tag","embeddable":true,"href":"https:\/\/www.iceagetv.com\/radiosite\/wp-json\/wp\/v2\/tags?post=22509"}],"curies":[{"name":"wp","href":"https:\/\/api.w.org\/{rel}","templated":true}]}}