{"id":22526,"date":"2022-10-04T15:47:32","date_gmt":"2022-10-04T15:47:32","guid":{"rendered":"http:\/\/www.iceagetv.com\/radiosite\/?p=22526"},"modified":"2022-10-04T15:47:32","modified_gmt":"2022-10-04T15:47:32","slug":"nord-deux-eleves-ont-ete-interpelles-apres-avoir-agresse-un-camarade-avec-une-machette-dans-un-lycee-de-wattrelos","status":"publish","type":"post","link":"https:\/\/www.iceagetv.com\/radiosite\/nord-deux-eleves-ont-ete-interpelles-apres-avoir-agresse-un-camarade-avec-une-machette-dans-un-lycee-de-wattrelos\/","title":{"rendered":"Nord: Deux \u00e9l\u00e8ves ont \u00e9t\u00e9 interpell\u00e9s apr\u00e8s avoir agress\u00e9 un camarade avec une machette dans un lyc\u00e9e de Wattrelos"},"content":{"rendered":"\n<p>Deux \u00e9l\u00e8ves ont \u00e9t\u00e9 interpell\u00e9s apr\u00e8s avoir agress\u00e9 un camarade \u00e0 l&rsquo;arme blanche dans un lyc\u00e9e de Wattrelos (Nord), le blessant l\u00e9g\u00e8rement, a appris l&rsquo;AFP aupr\u00e8s de la police et du rectorat de Lille. Selon une source proche du dossier, la victime a \u00e9t\u00e9 attaqu\u00e9e avec une machette.<\/p>\n\n\n\n<p>\u00ab\u00a0Deux \u00e9l\u00e8ves, \u00e9quip\u00e9s d&rsquo;une arme blanche, se sont introduits dans l&rsquo;\u00e9tablissement, au sein de la cit\u00e9 scolaire \u00c9mile Zola de Wattrelos, pour agresser un troisi\u00e8me \u00e9l\u00e8ve\u00a0\u00bb, a indiqu\u00e9 le rectorat. La victime \u00ab\u00a0est l\u00e9g\u00e8rement bless\u00e9e\u00a0\u00bb.<\/p>\n\n\n\n<p>Selon la Direction d\u00e9partementale de la s\u00e9curit\u00e9 publique (DDSP), \u00ab\u00a0les deux individus ont \u00e9t\u00e9 interpell\u00e9s\u00a0\u00bb. L&rsquo;\u00e9l\u00e8ve agress\u00e9 \u00ab\u00a0pr\u00e9sente des blessures superficielles au niveau du bras\u00a0\u00bb, a-t-elle ajout\u00e9.<\/p>\n\n\n\n<p>Selon le rectorat, \u00ab\u00a0une cellule psychologique\u00a0\u00bb a \u00e9t\u00e9 mise en place dans l&rsquo;\u00e9tablissement. \u00ab\u00a0Une \u00e9quipe mobile de s\u00e9curit\u00e9 et un directeur adjoint des services d\u00e9partementaux du Nord\u00a0\u00bb \u00e9taient sur place en d\u00e9but d&rsquo;apr\u00e8s-midi, a-t-il soulign\u00e9.<\/p>\n","protected":false},"excerpt":{"rendered":"<p>Deux \u00e9l\u00e8ves ont \u00e9t\u00e9 interpell\u00e9s apr\u00e8s avoir agress\u00e9 un camarade \u00e0 l&rsquo;arme blanche dans un lyc\u00e9e de Wattrelos (Nord), le blessant l\u00e9g\u00e8rement, a appris l&rsquo;AFP aupr\u00e8s de la police et du rectorat de Lille. Selon une source proche du dossier, la victime a \u00e9t\u00e9 attaqu\u00e9e avec une machette. \u00ab\u00a0Deux \u00e9l\u00e8ves, \u00e9quip\u00e9s d&rsquo;une arme blanche, se [&hellip;]<\/p>\n","protected":false},"author":2,"featured_media":22527,"comment_status":"open","ping_status":"open","sticky":false,"template":"","format":"standard","meta":{"_jetpack_memberships_contains_paid_content":false,"footnotes":"","jetpack_publicize_message":"","jetpack_publicize_feature_enabled":true,"jetpack_social_post_already_shared":true,"jetpack_social_options":{"image_generator_settings":{"template":"highway","default_image_id":0,"font":"","enabled":false},"version":2},"_wpas_customize_per_network":false},"categories":[405],"tags":[],"class_list":["post-22526","post","type-post","status-publish","format-standard","has-post-thumbnail","hentry","category-actu-france-monde"],"jetpack_publicize_connections":[],"jetpack_featured_media_url":"https:\/\/i0.wp.com\/www.iceagetv.com\/radiosite\/wp-content\/uploads\/2022\/10\/Deux-eleves-ont-ete-interpelles-apres-avoir-agresse-un-camarade-avec-une-machette-dans-un-lycee-de-Wattrelos.jpg?fit=679%2C293&ssl=1","jetpack_sharing_enabled":true,"_links":{"self":[{"href":"https:\/\/www.iceagetv.com\/radiosite\/wp-json\/wp\/v2\/posts\/22526","targetHints":{"allow":["GET"]}}],"collection":[{"href":"https:\/\/www.iceagetv.com\/radiosite\/wp-json\/wp\/v2\/posts"}],"about":[{"href":"https:\/\/www.iceagetv.com\/radiosite\/wp-json\/wp\/v2\/types\/post"}],"author":[{"embeddable":true,"href":"https:\/\/www.iceagetv.com\/radiosite\/wp-json\/wp\/v2\/users\/2"}],"replies":[{"embeddable":true,"href":"https:\/\/www.iceagetv.com\/radiosite\/wp-json\/wp\/v2\/comments?post=22526"}],"version-history":[{"count":1,"href":"https:\/\/www.iceagetv.com\/radiosite\/wp-json\/wp\/v2\/posts\/22526\/revisions"}],"predecessor-version":[{"id":22528,"href":"https:\/\/www.iceagetv.com\/radiosite\/wp-json\/wp\/v2\/posts\/22526\/revisions\/22528"}],"wp:featuredmedia":[{"embeddable":true,"href":"https:\/\/www.iceagetv.com\/radiosite\/wp-json\/wp\/v2\/media\/22527"}],"wp:attachment":[{"href":"https:\/\/www.iceagetv.com\/radiosite\/wp-json\/wp\/v2\/media?parent=22526"}],"wp:term":[{"taxonomy":"category","embeddable":true,"href":"https:\/\/www.iceagetv.com\/radiosite\/wp-json\/wp\/v2\/categories?post=22526"},{"taxonomy":"post_tag","embeddable":true,"href":"https:\/\/www.iceagetv.com\/radiosite\/wp-json\/wp\/v2\/tags?post=22526"}],"curies":[{"name":"wp","href":"https:\/\/api.w.org\/{rel}","templated":true}]}}