{"id":22532,"date":"2022-10-05T08:18:57","date_gmt":"2022-10-05T08:18:57","guid":{"rendered":"http:\/\/www.iceagetv.com\/radiosite\/?p=22532"},"modified":"2022-10-05T08:18:57","modified_gmt":"2022-10-05T08:18:57","slug":"demantelement-du-camp-de-toxicomanes-de-la-villette-ce-matin-il-etait-quasiment-desert-les-toxicomanes-ayant-ete-informes-des-hier-de-loperation-policiere","status":"publish","type":"post","link":"https:\/\/www.iceagetv.com\/radiosite\/demantelement-du-camp-de-toxicomanes-de-la-villette-ce-matin-il-etait-quasiment-desert-les-toxicomanes-ayant-ete-informes-des-hier-de-loperation-policiere\/","title":{"rendered":"D\u00e9mant\u00e8lement du camp de toxicomanes de la Villette ce matin : \u00ab\u00a0Il \u00e9tait quasiment d\u00e9sert, les toxicomanes ayant \u00e9t\u00e9 inform\u00e9s d\u00e8s hier de l&rsquo;op\u00e9ration polici\u00e8re"},"content":{"rendered":"\n<p><strong>Le campement de Forceval, dans le nord-est de Paris, o\u00f9 se rassemblent une centaine de consommateurs de crack depuis un an, a commenc\u00e9 \u00e0 \u00eatre d\u00e9mantel\u00e9 ce matin par les forces de police, a annonc\u00e9 le ministre de l\u2019int\u00e9rieur, G\u00e9rald Darmanin.<\/strong>&nbsp;\u00ab Sur mon instruction, le pr\u00e9fet de police proc\u00e8de au d\u00e9mant\u00e8lement d\u00e9finitif du campement du crack du square Forceval. Mille policiers seront d\u00e9ploy\u00e9s afin que ce campement ne se reconstitue pas ailleurs \u00bb, a tweet\u00e9 le ministre de l\u2019int\u00e9rieur au moment o\u00f9 les forces de l\u2019ordre entraient dans le camp, comme l\u2019a constat\u00e9 une journaliste de l\u2019Agence France-Presse.<\/p>\n\n\n\n<p>Peu avant 7 heures, un important dispositif policier s\u2019est d\u00e9ploy\u00e9 autour du campement, en pr\u00e9sence du pr\u00e9fet de police de Paris, Laurent Nunez. \u00ab Au total, pr\u00e8s de mille policiers seront mobilis\u00e9s sur vingt-quatre heures, \u00e0 la fois pour mener \u00e0 bien l\u2019op\u00e9ration, mais \u00e9galement les jours suivants pour s\u00e9curiser les diff\u00e9rents secteurs strat\u00e9giques et ainsi \u00e9viter la reconstitution d\u2019un autre point de fixation \u00bb, a-t-on expliqu\u00e9 au minist\u00e8re de l\u2019int\u00e9rieur.<\/p>\n\n\n\n<p>M. Darmanin a \u00ab donn\u00e9 comme instruction qu\u2019aucun campement de ce type ne doit se reconstituer ailleurs \u00bb, a-t-on ajout\u00e9. Le minist\u00e8re a soulign\u00e9 que cette op\u00e9ration \u00e9tait \u00ab in\u00e9dite puisque le ph\u00e9nom\u00e8ne du crack touche le Nord-Est parisien depuis plusieurs dizaines d\u2019ann\u00e9es \u00bb.<\/p>\n\n\n\n<p>La Place Beauvau a pr\u00e9cis\u00e9 que \u00ab les personnes recherch\u00e9es seront interpell\u00e9es, tout comme les \u00e9trangers en situation irr\u00e9guli\u00e8re qui seront plac\u00e9s en CRA [centre de r\u00e9tention administrative] en vue de leur expulsion \u00bb. \u00ab Les autres occupants seront orient\u00e9s vers des dispositifs d\u2019h\u00e9bergement avec accompagnement m\u00e9dico-social ou dans des unit\u00e9s de soins \u00bb.<strong>Selon plusieurs riverains le camp \u00e9tait \u00ab\u00a0quasi d\u00e9sert\u00a0\u00bb ce matin, les toxicomanes ayant \u00e9t\u00e9 inform\u00e9s d\u00e8s hier par des associations de l&rsquo;op\u00e9ration polici\u00e8re.<\/strong><\/p>\n","protected":false},"excerpt":{"rendered":"<p>Le campement de Forceval, dans le nord-est de Paris, o\u00f9 se rassemblent une centaine de consommateurs de crack depuis un an, a commenc\u00e9 \u00e0 \u00eatre d\u00e9mantel\u00e9 ce matin par les forces de police, a annonc\u00e9 le ministre de l\u2019int\u00e9rieur, G\u00e9rald Darmanin.&nbsp;\u00ab Sur mon instruction, le pr\u00e9fet de police proc\u00e8de au d\u00e9mant\u00e8lement d\u00e9finitif du campement du [&hellip;]<\/p>\n","protected":false},"author":2,"featured_media":22533,"comment_status":"open","ping_status":"open","sticky":false,"template":"","format":"standard","meta":{"_jetpack_memberships_contains_paid_content":false,"footnotes":"","jetpack_publicize_message":"","jetpack_publicize_feature_enabled":true,"jetpack_social_post_already_shared":true,"jetpack_social_options":{"image_generator_settings":{"template":"highway","default_image_id":0,"font":"","enabled":false},"version":2},"_wpas_customize_per_network":false},"categories":[405],"tags":[],"class_list":["post-22532","post","type-post","status-publish","format-standard","has-post-thumbnail","hentry","category-actu-france-monde"],"jetpack_publicize_connections":[],"jetpack_featured_media_url":"https:\/\/i0.wp.com\/www.iceagetv.com\/radiosite\/wp-content\/uploads\/2022\/10\/Demantelement-du-camp-de-toxicomanes-de-la-Villette-ce-matin.jpg?fit=679%2C293&ssl=1","jetpack_sharing_enabled":true,"_links":{"self":[{"href":"https:\/\/www.iceagetv.com\/radiosite\/wp-json\/wp\/v2\/posts\/22532","targetHints":{"allow":["GET"]}}],"collection":[{"href":"https:\/\/www.iceagetv.com\/radiosite\/wp-json\/wp\/v2\/posts"}],"about":[{"href":"https:\/\/www.iceagetv.com\/radiosite\/wp-json\/wp\/v2\/types\/post"}],"author":[{"embeddable":true,"href":"https:\/\/www.iceagetv.com\/radiosite\/wp-json\/wp\/v2\/users\/2"}],"replies":[{"embeddable":true,"href":"https:\/\/www.iceagetv.com\/radiosite\/wp-json\/wp\/v2\/comments?post=22532"}],"version-history":[{"count":1,"href":"https:\/\/www.iceagetv.com\/radiosite\/wp-json\/wp\/v2\/posts\/22532\/revisions"}],"predecessor-version":[{"id":22534,"href":"https:\/\/www.iceagetv.com\/radiosite\/wp-json\/wp\/v2\/posts\/22532\/revisions\/22534"}],"wp:featuredmedia":[{"embeddable":true,"href":"https:\/\/www.iceagetv.com\/radiosite\/wp-json\/wp\/v2\/media\/22533"}],"wp:attachment":[{"href":"https:\/\/www.iceagetv.com\/radiosite\/wp-json\/wp\/v2\/media?parent=22532"}],"wp:term":[{"taxonomy":"category","embeddable":true,"href":"https:\/\/www.iceagetv.com\/radiosite\/wp-json\/wp\/v2\/categories?post=22532"},{"taxonomy":"post_tag","embeddable":true,"href":"https:\/\/www.iceagetv.com\/radiosite\/wp-json\/wp\/v2\/tags?post=22532"}],"curies":[{"name":"wp","href":"https:\/\/api.w.org\/{rel}","templated":true}]}}