{"id":22548,"date":"2022-10-06T14:57:46","date_gmt":"2022-10-06T14:57:46","guid":{"rendered":"http:\/\/www.iceagetv.com\/radiosite\/?p=22548"},"modified":"2022-10-06T14:57:46","modified_gmt":"2022-10-06T14:57:46","slug":"le-gouvernement-va-designer-prochainement-un-delegue-interministeriel-charge-de-faire-progresser-laccessibilite-des-batiments-pour-les-personnes-handicapees","status":"publish","type":"post","link":"https:\/\/www.iceagetv.com\/radiosite\/le-gouvernement-va-designer-prochainement-un-delegue-interministeriel-charge-de-faire-progresser-laccessibilite-des-batiments-pour-les-personnes-handicapees\/","title":{"rendered":"Le gouvernement va d\u00e9signer prochainement un d\u00e9l\u00e9gu\u00e9 interminist\u00e9riel charg\u00e9 de faire progresser l\u2019accessibilit\u00e9 des b\u00e2timents pour les personnes handicap\u00e9es"},"content":{"rendered":"\n<p>Le gouvernement va d\u00e9signer prochainement un d\u00e9l\u00e9gu\u00e9 interminist\u00e9riel charg\u00e9 de faire progresser l\u2019accessibilit\u00e9 des b\u00e2timents, mais aussi l\u2019acc\u00e8s aux services num\u00e9riques ou de communication pour les personnes handicap\u00e9es, a-t-on appris mercredi dans l\u2019entourage de la Premi\u00e8re ministre.<\/p>\n\n\n\n<p>Elisabeth Borne doit donner des pr\u00e9cisions sur ce futur poste lors d\u2019un Comit\u00e9 interminist\u00e9riel du handicap (CIH) organis\u00e9 jeudi \u00e0 Paris pour d\u00e9finir la \u00ab&nbsp;m\u00e9thode&nbsp;\u00bb de travail de l\u2019ex\u00e9cutif durant le quinquennat \u00e0 venir, a pr\u00e9cis\u00e9 Matignon. Ce comit\u00e9 r\u00e9unira dans les locaux de l\u2019Universit\u00e9 Paris-Cit\u00e9 les repr\u00e9sentants de la \u00ab&nbsp;soci\u00e9t\u00e9 civile&nbsp;\u00bb impliqu\u00e9s dans le secteur du handicap, autour de Mme Borne et de 11 de ses ministres. Il visera \u00e0 \u00ab&nbsp;impulser une nouvelle dynamique&nbsp;\u00bb, avant la Conf\u00e9rence nationale du handicap (CNH) qui devrait \u00eatre l\u2019occasion d\u2019annonces concr\u00e8tes, au printemps.<\/p>\n\n\n\n<p>Le futur d\u00e9l\u00e9gu\u00e9 devra \u00ab&nbsp;piloter&nbsp;\u00bb la politique publique visant \u00e0 acc\u00e9l\u00e9rer l\u2019accessibilit\u00e9 des immeubles ou \u00e9tablissements ouverts au public. Par ailleurs, la directive europ\u00e9enne sur ce sujet, qui aurait d\u00fb en principe \u00eatre transpos\u00e9e en droit fran\u00e7ais avant fin juin, le sera \u00ab&nbsp;d\u2019ici la fin de l\u2019ann\u00e9e&nbsp;\u00bb, a-t-on indiqu\u00e9 de m\u00eame source. Chaque d\u00e9partement sera par ailleurs bient\u00f4t dot\u00e9 d\u2019un sous-pr\u00e9fet r\u00e9f\u00e9rent sur la question du handicap.<\/p>\n","protected":false},"excerpt":{"rendered":"<p>Le gouvernement va d\u00e9signer prochainement un d\u00e9l\u00e9gu\u00e9 interminist\u00e9riel charg\u00e9 de faire progresser l\u2019accessibilit\u00e9 des b\u00e2timents, mais aussi l\u2019acc\u00e8s aux services num\u00e9riques ou de communication pour les personnes handicap\u00e9es, a-t-on appris mercredi dans l\u2019entourage de la Premi\u00e8re ministre. Elisabeth Borne doit donner des pr\u00e9cisions sur ce futur poste lors d\u2019un Comit\u00e9 interminist\u00e9riel du handicap (CIH) organis\u00e9 [&hellip;]<\/p>\n","protected":false},"author":2,"featured_media":22549,"comment_status":"open","ping_status":"open","sticky":false,"template":"","format":"standard","meta":{"_jetpack_memberships_contains_paid_content":false,"footnotes":"","jetpack_publicize_message":"","jetpack_publicize_feature_enabled":true,"jetpack_social_post_already_shared":true,"jetpack_social_options":{"image_generator_settings":{"template":"highway","default_image_id":0,"font":"","enabled":false},"version":2},"_wpas_customize_per_network":false},"categories":[405],"tags":[],"class_list":["post-22548","post","type-post","status-publish","format-standard","has-post-thumbnail","hentry","category-actu-france-monde"],"jetpack_publicize_connections":[],"jetpack_featured_media_url":"https:\/\/i0.wp.com\/www.iceagetv.com\/radiosite\/wp-content\/uploads\/2022\/10\/Le-gouvernement-va-designer-prochainement-un-delegue-interministeriel.jpg?fit=680%2C340&ssl=1","jetpack_sharing_enabled":true,"_links":{"self":[{"href":"https:\/\/www.iceagetv.com\/radiosite\/wp-json\/wp\/v2\/posts\/22548","targetHints":{"allow":["GET"]}}],"collection":[{"href":"https:\/\/www.iceagetv.com\/radiosite\/wp-json\/wp\/v2\/posts"}],"about":[{"href":"https:\/\/www.iceagetv.com\/radiosite\/wp-json\/wp\/v2\/types\/post"}],"author":[{"embeddable":true,"href":"https:\/\/www.iceagetv.com\/radiosite\/wp-json\/wp\/v2\/users\/2"}],"replies":[{"embeddable":true,"href":"https:\/\/www.iceagetv.com\/radiosite\/wp-json\/wp\/v2\/comments?post=22548"}],"version-history":[{"count":1,"href":"https:\/\/www.iceagetv.com\/radiosite\/wp-json\/wp\/v2\/posts\/22548\/revisions"}],"predecessor-version":[{"id":22550,"href":"https:\/\/www.iceagetv.com\/radiosite\/wp-json\/wp\/v2\/posts\/22548\/revisions\/22550"}],"wp:featuredmedia":[{"embeddable":true,"href":"https:\/\/www.iceagetv.com\/radiosite\/wp-json\/wp\/v2\/media\/22549"}],"wp:attachment":[{"href":"https:\/\/www.iceagetv.com\/radiosite\/wp-json\/wp\/v2\/media?parent=22548"}],"wp:term":[{"taxonomy":"category","embeddable":true,"href":"https:\/\/www.iceagetv.com\/radiosite\/wp-json\/wp\/v2\/categories?post=22548"},{"taxonomy":"post_tag","embeddable":true,"href":"https:\/\/www.iceagetv.com\/radiosite\/wp-json\/wp\/v2\/tags?post=22548"}],"curies":[{"name":"wp","href":"https:\/\/api.w.org\/{rel}","templated":true}]}}