{"id":22579,"date":"2022-10-08T14:16:09","date_gmt":"2022-10-08T14:16:09","guid":{"rendered":"http:\/\/www.iceagetv.com\/radiosite\/?p=22579"},"modified":"2022-10-08T14:16:14","modified_gmt":"2022-10-08T14:16:14","slug":"des-dizaines-de-statues-monumentales-moai-de-lile-de-paques-irremediablement-endommagees-par-un-incendie","status":"publish","type":"post","link":"https:\/\/www.iceagetv.com\/radiosite\/des-dizaines-de-statues-monumentales-moai-de-lile-de-paques-irremediablement-endommagees-par-un-incendie\/","title":{"rendered":"Des dizaines de statues monumentales moa\u00ef de l&rsquo;\u00eele de P\u00e2ques irr\u00e9m\u00e9diablement endommag\u00e9es par un incendie"},"content":{"rendered":"\n<p>Quelque 80 statues embl\u00e9matiques de l&rsquo;\u00cele de P\u00e2ques ont \u00e9t\u00e9 endommag\u00e9es, parfois de mani\u00e8re&nbsp;<em>\u00ab\u00a0irr\u00e9m\u00e9diable\u00a0\u00bb<\/em>, par un incendie qui s&rsquo;est d\u00e9clar\u00e9 en d\u00e9but de semaine, ont indiqu\u00e9 vendredi les autorit\u00e9s du pays et de l&rsquo;\u00eele.<\/p>\n\n\n\n<p><em>\u00ab\u00a0L&rsquo;incendie de la carri\u00e8re du volcan Rano Raraku a \u00e9t\u00e9 \u00e9teint (&#8230;), causant toutefois des dommages irr\u00e9parables au patrimoine culturel de l&rsquo;humanit\u00e9\u00a0\u00bb<\/em>, a d\u00e9clar\u00e9 le pr\u00e9sident chilien Gabriel Boric.<\/p>\n\n\n\n<p>L&rsquo;incendie a d\u00e9vast\u00e9 une centaine d&rsquo;hectares du parc national Rapa Nui et atteint la zone du volcan Rano Raraku o\u00f9 se trouve la carri\u00e8re o\u00f9 l&rsquo;ancienne civilisation indig\u00e8ne Rapa Nui fabriquait ses statues moai. Le site abrite 416 de ces sculptures \u00e0 diff\u00e9rents stades de fabrication.<\/p>\n\n\n\n<h2 class=\"wp-block-heading\">\u00ab\u00a0Appel \u00e0 l&rsquo;humanit\u00e9\u00a0\u00bb<\/h2>\n\n\n\n<p>Les flammes, la fum\u00e9e et l&rsquo;eau ont fait que 20% des statues du site -dont une centaine \u00e0 l&rsquo;int\u00e9rieur de la carri\u00e8re- ont \u00e9t\u00e9 endommag\u00e9es, a indiqu\u00e9 le maire de l&rsquo;\u00eele Pedro Edmunds, ajoutant qu&rsquo;une avait subi des&nbsp;<em>\u00ab\u00a0dommages irr\u00e9m\u00e9diables\u00a0\u00bb.<\/em><\/p>\n\n\n\n<p><em>\u00ab\u00a0Elle va rester l\u00e0, telle quelle, jusqu&rsquo;\u00e0 ce que nous \u00e9valuions les d\u00e9g\u00e2ts, et puis nous ferons appel \u00e0 l&rsquo;humanit\u00e9 pour voir quelle solution nous pouvons envisager\u00a0\u00bb,<\/em>&nbsp;a indiqu\u00e9 l&rsquo;\u00e9lu, expliquant que les flammes avaient progress\u00e9 rapidement du fait du manque de gardes dans le parc, d\u00fb selon lui \u00e0&nbsp;<em>\u00ab\u00a0l&rsquo;abandon de l&rsquo;\u00eele\u00a0\u00bb<\/em>&nbsp;par le gouvernement.<\/p>\n\n\n\n<p>En raison de la g\u00e9ographie, les engins des pompiers n&rsquo;ont par ailleurs pas pu acc\u00e9der au site m\u00eame de l&rsquo;incendie, vraisemblablement d&rsquo;origine criminelle.&nbsp;<em>\u00ab\u00a0Cet incendie a \u00e9t\u00e9 provoqu\u00e9 par les \u00e9leveurs de b\u00e9tail pour les p\u00e2turages. Tout l&rsquo;indique\u00a0\u00bb<\/em>, a d\u00e9clar\u00e9 le ministre chilien de l&rsquo;Agriculture, Esteban Valenzuela.<\/p>\n\n\n\n<h2 class=\"wp-block-heading\">Trois&nbsp;mois apr\u00e8s la r\u00e9ouverture de l&rsquo;\u00eele au tourisme<\/h2>\n\n\n\n<p>Isol\u00e9e au milieu du Pacifique, \u00e0 3500 km des c\u00f4tes chiliennes, l&rsquo;\u00eele de P\u00e2ques, de culture polyn\u00e9sienne, est mondialement connue pour ses impressionnants m\u00e9galithes \u00e0 la myst\u00e9rieuse origine, class\u00e9s au patrimoine mondial par l&rsquo;Unesco. Certains peuvent atteindre 20 m\u00e8tres de haut et peser jusqu&rsquo;\u00e0 80 tonnes.<\/p>\n\n\n\n<p>L&rsquo;incendie s&rsquo;est produit trois mois apr\u00e8s la r\u00e9ouverture de l&rsquo;\u00eele au tourisme mondial, d\u00e9but ao\u00fbt, apr\u00e8s deux ans de fermeture due \u00e0 la pand\u00e9mie de coronavirus.<\/p>\n\n\n\n<p>Avant la pand\u00e9mie, l&rsquo;\u00eele, dont le tourisme est le principal moyen de subsistance, accueillait 160 000 visiteurs par an, \u00e0 raison de deux vols par jour.<\/p>\n","protected":false},"excerpt":{"rendered":"<p>Quelque 80 statues embl\u00e9matiques de l&rsquo;\u00cele de P\u00e2ques ont \u00e9t\u00e9 endommag\u00e9es, parfois de mani\u00e8re&nbsp;\u00ab\u00a0irr\u00e9m\u00e9diable\u00a0\u00bb, par un incendie qui s&rsquo;est d\u00e9clar\u00e9 en d\u00e9but de semaine, ont indiqu\u00e9 vendredi les autorit\u00e9s du pays et de l&rsquo;\u00eele. \u00ab\u00a0L&rsquo;incendie de la carri\u00e8re du volcan Rano Raraku a \u00e9t\u00e9 \u00e9teint (&#8230;), causant toutefois des dommages irr\u00e9parables au patrimoine culturel de [&hellip;]<\/p>\n","protected":false},"author":2,"featured_media":22581,"comment_status":"open","ping_status":"open","sticky":false,"template":"","format":"standard","meta":{"_jetpack_memberships_contains_paid_content":false,"footnotes":"","jetpack_publicize_message":"","jetpack_publicize_feature_enabled":true,"jetpack_social_post_already_shared":true,"jetpack_social_options":{"image_generator_settings":{"template":"highway","default_image_id":0,"font":"","enabled":false},"version":2},"_wpas_customize_per_network":false},"categories":[405],"tags":[],"class_list":["post-22579","post","type-post","status-publish","format-standard","has-post-thumbnail","hentry","category-actu-france-monde"],"jetpack_publicize_connections":[],"jetpack_featured_media_url":"https:\/\/i0.wp.com\/www.iceagetv.com\/radiosite\/wp-content\/uploads\/2022\/10\/Des-dizaines-de-statues-monumentales-moai-de-lile-de-Paques-irremediablement-endommagees-par-un-incendie.jpg?fit=862%2C413&ssl=1","jetpack_sharing_enabled":true,"_links":{"self":[{"href":"https:\/\/www.iceagetv.com\/radiosite\/wp-json\/wp\/v2\/posts\/22579","targetHints":{"allow":["GET"]}}],"collection":[{"href":"https:\/\/www.iceagetv.com\/radiosite\/wp-json\/wp\/v2\/posts"}],"about":[{"href":"https:\/\/www.iceagetv.com\/radiosite\/wp-json\/wp\/v2\/types\/post"}],"author":[{"embeddable":true,"href":"https:\/\/www.iceagetv.com\/radiosite\/wp-json\/wp\/v2\/users\/2"}],"replies":[{"embeddable":true,"href":"https:\/\/www.iceagetv.com\/radiosite\/wp-json\/wp\/v2\/comments?post=22579"}],"version-history":[{"count":1,"href":"https:\/\/www.iceagetv.com\/radiosite\/wp-json\/wp\/v2\/posts\/22579\/revisions"}],"predecessor-version":[{"id":22582,"href":"https:\/\/www.iceagetv.com\/radiosite\/wp-json\/wp\/v2\/posts\/22579\/revisions\/22582"}],"wp:featuredmedia":[{"embeddable":true,"href":"https:\/\/www.iceagetv.com\/radiosite\/wp-json\/wp\/v2\/media\/22581"}],"wp:attachment":[{"href":"https:\/\/www.iceagetv.com\/radiosite\/wp-json\/wp\/v2\/media?parent=22579"}],"wp:term":[{"taxonomy":"category","embeddable":true,"href":"https:\/\/www.iceagetv.com\/radiosite\/wp-json\/wp\/v2\/categories?post=22579"},{"taxonomy":"post_tag","embeddable":true,"href":"https:\/\/www.iceagetv.com\/radiosite\/wp-json\/wp\/v2\/tags?post=22579"}],"curies":[{"name":"wp","href":"https:\/\/api.w.org\/{rel}","templated":true}]}}