{"id":22583,"date":"2022-10-09T11:11:51","date_gmt":"2022-10-09T11:11:51","guid":{"rendered":"http:\/\/www.iceagetv.com\/radiosite\/?p=22583"},"modified":"2022-10-09T11:11:51","modified_gmt":"2022-10-09T11:11:51","slug":"visage-pendant-des-annees-de-lactualite-medicale-dans-les-journaux-de-france-2-puis-animatrice-demissions-en-prime-la-journaliste-martine-allain-regnault-est-decedee","status":"publish","type":"post","link":"https:\/\/www.iceagetv.com\/radiosite\/visage-pendant-des-annees-de-lactualite-medicale-dans-les-journaux-de-france-2-puis-animatrice-demissions-en-prime-la-journaliste-martine-allain-regnault-est-decedee\/","title":{"rendered":"Visage, pendant des ann\u00e9es, de l&rsquo;actualit\u00e9 m\u00e9dicale dans les journaux de France 2, puis animatrice d&rsquo;\u00e9missions en prime, la journaliste Martine Allain-Regnault est d\u00e9c\u00e9d\u00e9e"},"content":{"rendered":"\n<p>Elle a \u00e9t\u00e9 le visage de la sant\u00e9 sur France 2 pendant des ann\u00e9es avant de devenir animatrice de plusieurs \u00e9missions,&nbsp;Martine Allain-Regnault est d\u00e9c\u00e9d\u00e9e annonce la cha\u00eene sur son compte twitter :&nbsp;\u00abFrance T\u00e9l\u00e9visions salue la m\u00e9moire de Martine Allain-Regnault, figure marquante et embl\u00e9matique du journalisme m\u00e9dical sur Antenne 2 puis France 2, notamment dans l&rsquo;\u00e9mission \u00ab\u00a0Savoir plus Sant\u00e9\u00a0\u00bb, avec Fran\u00e7ois de Closets\u00bb.&nbsp;<\/p>\n\n\n\n<p>En 1992, elle pr\u00e9sente en effet avec&nbsp;<a href=\"https:\/\/www.lefigaro.fr\/actualite-france\/francois-de-closets-les-boomers-ont-dilapide-l-heritage-20220628\" target=\"_blank\" rel=\"noreferrer noopener\">Fran\u00e7ois de Closets<\/a>&nbsp;sur France 2 \u00abSavoir plus sant\u00e9\u00bb. L&rsquo;\u00e9mission, ambitieuse, \u00e9voquait&nbsp; les tracas quotidiens que les grandes \u00e9volutions de la m\u00e9decine, avec des reportages et des interviews de sp\u00e9cialistes.<\/p>\n\n\n\n<p>En 1997, le programme remportait le 7 d&rsquo;or de la meilleure \u00e9mission de culture et de connaissance.<\/p>\n\n\n\n<p>Martine Allain-Regnault y est rest\u00e9e jusqu&rsquo;en 2006, date \u00e0 laquelle a cess\u00e9 l&rsquo;\u00e9mission.<\/p>\n\n\n\n<p>La journaliste est d\u00e9c\u00e9d\u00e9e le 8 octobre \u00e0 l&rsquo;\u00e2ge de 82 ans.<\/p>\n","protected":false},"excerpt":{"rendered":"<p>Elle a \u00e9t\u00e9 le visage de la sant\u00e9 sur France 2 pendant des ann\u00e9es avant de devenir animatrice de plusieurs \u00e9missions,&nbsp;Martine Allain-Regnault est d\u00e9c\u00e9d\u00e9e annonce la cha\u00eene sur son compte twitter :&nbsp;\u00abFrance T\u00e9l\u00e9visions salue la m\u00e9moire de Martine Allain-Regnault, figure marquante et embl\u00e9matique du journalisme m\u00e9dical sur Antenne 2 puis France 2, notamment dans l&rsquo;\u00e9mission [&hellip;]<\/p>\n","protected":false},"author":2,"featured_media":22585,"comment_status":"open","ping_status":"open","sticky":false,"template":"","format":"standard","meta":{"_jetpack_memberships_contains_paid_content":false,"footnotes":"","jetpack_publicize_message":"","jetpack_publicize_feature_enabled":true,"jetpack_social_post_already_shared":true,"jetpack_social_options":{"image_generator_settings":{"template":"highway","default_image_id":0,"font":"","enabled":false},"version":2},"_wpas_customize_per_network":false},"categories":[68],"tags":[],"class_list":["post-22583","post","type-post","status-publish","format-standard","has-post-thumbnail","hentry","category-actu-culturelle"],"jetpack_publicize_connections":[],"jetpack_featured_media_url":"https:\/\/i0.wp.com\/www.iceagetv.com\/radiosite\/wp-content\/uploads\/2022\/10\/Martine-Allain-Regnault.jpg?fit=680%2C540&ssl=1","jetpack_sharing_enabled":true,"_links":{"self":[{"href":"https:\/\/www.iceagetv.com\/radiosite\/wp-json\/wp\/v2\/posts\/22583","targetHints":{"allow":["GET"]}}],"collection":[{"href":"https:\/\/www.iceagetv.com\/radiosite\/wp-json\/wp\/v2\/posts"}],"about":[{"href":"https:\/\/www.iceagetv.com\/radiosite\/wp-json\/wp\/v2\/types\/post"}],"author":[{"embeddable":true,"href":"https:\/\/www.iceagetv.com\/radiosite\/wp-json\/wp\/v2\/users\/2"}],"replies":[{"embeddable":true,"href":"https:\/\/www.iceagetv.com\/radiosite\/wp-json\/wp\/v2\/comments?post=22583"}],"version-history":[{"count":1,"href":"https:\/\/www.iceagetv.com\/radiosite\/wp-json\/wp\/v2\/posts\/22583\/revisions"}],"predecessor-version":[{"id":22586,"href":"https:\/\/www.iceagetv.com\/radiosite\/wp-json\/wp\/v2\/posts\/22583\/revisions\/22586"}],"wp:featuredmedia":[{"embeddable":true,"href":"https:\/\/www.iceagetv.com\/radiosite\/wp-json\/wp\/v2\/media\/22585"}],"wp:attachment":[{"href":"https:\/\/www.iceagetv.com\/radiosite\/wp-json\/wp\/v2\/media?parent=22583"}],"wp:term":[{"taxonomy":"category","embeddable":true,"href":"https:\/\/www.iceagetv.com\/radiosite\/wp-json\/wp\/v2\/categories?post=22583"},{"taxonomy":"post_tag","embeddable":true,"href":"https:\/\/www.iceagetv.com\/radiosite\/wp-json\/wp\/v2\/tags?post=22583"}],"curies":[{"name":"wp","href":"https:\/\/api.w.org\/{rel}","templated":true}]}}