{"id":22603,"date":"2022-10-11T17:56:04","date_gmt":"2022-10-11T17:56:04","guid":{"rendered":"http:\/\/www.iceagetv.com\/radiosite\/?p=22603"},"modified":"2022-10-11T17:56:17","modified_gmt":"2022-10-11T17:56:17","slug":"le-roi-charles-iii-sera-couronne-le-6-mai-2023-a-labbaye-de-westminster-et-sera-menee-par-larcheveque-de-canterbury-le-couronnement-refletera-le-role-de-la-monarchie-aujourdhui-et-sera-tourn","status":"publish","type":"post","link":"https:\/\/www.iceagetv.com\/radiosite\/le-roi-charles-iii-sera-couronne-le-6-mai-2023-a-labbaye-de-westminster-et-sera-menee-par-larcheveque-de-canterbury-le-couronnement-refletera-le-role-de-la-monarchie-aujourdhui-et-sera-tourn\/","title":{"rendered":"Le roi Charles III sera couronn\u00e9 le 6 mai 2023 \u00e0 l&rsquo;abbaye de Westminster et sera men\u00e9e par l&rsquo;archev\u00eaque de Canterbury : \u00ab\u00a0Le couronnement refl\u00e8tera le r\u00f4le de la monarchie aujourd&rsquo;hui et sera tourn\u00e9 vers l&rsquo;avenir\u00a0\u00bb"},"content":{"rendered":"\n<p>Le roi Charles III sera couronn\u00e9 le 6 mai 2023 \u00e0 l&rsquo;abbaye de Westminster, annonce Buckingham Palace dans un communiqu\u00e9.<\/p>\n\n\n\n<p>Si le 2 juin, date du couronnement d&rsquo;Elizabeth II en 1953, avait un temps \u00e9t\u00e9 \u00e9voqu\u00e9, c&rsquo;est finalement le 6 mai qui a \u00e9t\u00e9 choisi. Les fans de la famille royale noteront que c&rsquo;est l&rsquo;anniversaire d&rsquo;Archie, le petit-fils du roi et le fils a\u00een\u00e9 de Meghan et Harry.<\/p>\n\n\n\n<p>La c\u00e9r\u00e9monie se d\u00e9roulera \u00e0 l&rsquo;abbaye de Westminster et sera men\u00e9e par l&rsquo;archev\u00eaque de Canterbury, indique encore le palais de Buckingham, comme c&rsquo;est le cas depuis 1066.<\/p>\n\n\n\n<p>\u00ab\u00a0Le couronnement d&rsquo;un nouveau souverain se d\u00e9roule traditionnellement plusieurs mois apr\u00e8s l&rsquo;accession au tr\u00f4ne, apr\u00e8s une p\u00e9riode de deuil national et royal, et pour laisser le temps de pr\u00e9parer et d&rsquo;organiser la c\u00e9r\u00e9monie\u00a0\u00bb, indique le palais dans un communiqu\u00e9.<\/p>\n\n\n\n<p>\u00ab\u00a0Le couronnement refl\u00e8tera le r\u00f4le de la monarchie aujourd&rsquo;hui et sera tourn\u00e9 vers l&rsquo;avenir, tout en \u00e9tant ancr\u00e9 dans des traditions et un apparat historiques\u00a0\u00bb.<\/p>\n\n\n\n<p>Pr\u00e8s de 8000 personnes assistent en temps normal au couronnement du monarque, au Royaume-Uni. Mais le 6 mai prochain, les effectifs devront baisser de 6000. En effet, toujours selon le Mail on Sunday, le fils de feu la reine a voulu faire le tri parmi ses invit\u00e9s, excluant de nombreux nobles et parlementaires, arrivant \u00e0 un total de 2000 convives seulement.<\/p>\n\n\n\n<p>Le dress-code devrait lui aussi \u00eatre all\u00e9g\u00e9. Aux splendides robes de c\u00e9r\u00e9monie se substitueront des costumes plus modestes. \u00abLe roi a retir\u00e9 une grosse partie de ce qui constituait le couronnement, reconnaissant que le monde a \u00e9volu\u00e9 en soixante-dix ans\u00bb, a confi\u00e9 une source au m\u00e9dia.<\/p>\n\n\n\n<p>Elizabeth II avait \u00e9t\u00e9 couronn\u00e9e en grande pompe dans l&rsquo;abbaye de Westminster, le 2 juin 1952, soit pr\u00e8s d&rsquo;un an apr\u00e8s la disparition de son p\u00e8re, le roi George VI.<\/p>\n","protected":false},"excerpt":{"rendered":"<p>Le roi Charles III sera couronn\u00e9 le 6 mai 2023 \u00e0 l&rsquo;abbaye de Westminster, annonce Buckingham Palace dans un communiqu\u00e9. Si le 2 juin, date du couronnement d&rsquo;Elizabeth II en 1953, avait un temps \u00e9t\u00e9 \u00e9voqu\u00e9, c&rsquo;est finalement le 6 mai qui a \u00e9t\u00e9 choisi. Les fans de la famille royale noteront que c&rsquo;est l&rsquo;anniversaire [&hellip;]<\/p>\n","protected":false},"author":2,"featured_media":22604,"comment_status":"open","ping_status":"open","sticky":false,"template":"","format":"standard","meta":{"_jetpack_memberships_contains_paid_content":false,"footnotes":"","jetpack_publicize_message":"","jetpack_publicize_feature_enabled":true,"jetpack_social_post_already_shared":true,"jetpack_social_options":{"image_generator_settings":{"template":"highway","default_image_id":0,"font":"","enabled":false},"version":2},"_wpas_customize_per_network":false},"categories":[405],"tags":[],"class_list":["post-22603","post","type-post","status-publish","format-standard","has-post-thumbnail","hentry","category-actu-france-monde"],"jetpack_publicize_connections":[],"jetpack_featured_media_url":"https:\/\/i0.wp.com\/www.iceagetv.com\/radiosite\/wp-content\/uploads\/2022\/10\/Le-roi-Charles-III-sera-couronne-le-6-mai-2023.jpg?fit=679%2C293&ssl=1","jetpack_sharing_enabled":true,"_links":{"self":[{"href":"https:\/\/www.iceagetv.com\/radiosite\/wp-json\/wp\/v2\/posts\/22603","targetHints":{"allow":["GET"]}}],"collection":[{"href":"https:\/\/www.iceagetv.com\/radiosite\/wp-json\/wp\/v2\/posts"}],"about":[{"href":"https:\/\/www.iceagetv.com\/radiosite\/wp-json\/wp\/v2\/types\/post"}],"author":[{"embeddable":true,"href":"https:\/\/www.iceagetv.com\/radiosite\/wp-json\/wp\/v2\/users\/2"}],"replies":[{"embeddable":true,"href":"https:\/\/www.iceagetv.com\/radiosite\/wp-json\/wp\/v2\/comments?post=22603"}],"version-history":[{"count":1,"href":"https:\/\/www.iceagetv.com\/radiosite\/wp-json\/wp\/v2\/posts\/22603\/revisions"}],"predecessor-version":[{"id":22605,"href":"https:\/\/www.iceagetv.com\/radiosite\/wp-json\/wp\/v2\/posts\/22603\/revisions\/22605"}],"wp:featuredmedia":[{"embeddable":true,"href":"https:\/\/www.iceagetv.com\/radiosite\/wp-json\/wp\/v2\/media\/22604"}],"wp:attachment":[{"href":"https:\/\/www.iceagetv.com\/radiosite\/wp-json\/wp\/v2\/media?parent=22603"}],"wp:term":[{"taxonomy":"category","embeddable":true,"href":"https:\/\/www.iceagetv.com\/radiosite\/wp-json\/wp\/v2\/categories?post=22603"},{"taxonomy":"post_tag","embeddable":true,"href":"https:\/\/www.iceagetv.com\/radiosite\/wp-json\/wp\/v2\/tags?post=22603"}],"curies":[{"name":"wp","href":"https:\/\/api.w.org\/{rel}","templated":true}]}}