{"id":22606,"date":"2022-10-11T17:57:24","date_gmt":"2022-10-11T17:57:24","guid":{"rendered":"http:\/\/www.iceagetv.com\/radiosite\/?p=22606"},"modified":"2022-10-11T17:57:24","modified_gmt":"2022-10-11T17:57:24","slug":"allemagne-un-adolescent-soupconne-davoir-projete-un-attentat-dans-son-lycee-mis-en-accusation-par-le-parquet-federal-qui-a-demande-son-renvoi-en-proces","status":"publish","type":"post","link":"https:\/\/www.iceagetv.com\/radiosite\/allemagne-un-adolescent-soupconne-davoir-projete-un-attentat-dans-son-lycee-mis-en-accusation-par-le-parquet-federal-qui-a-demande-son-renvoi-en-proces\/","title":{"rendered":"Allemagne: Un adolescent soup\u00e7onn\u00e9 d&rsquo;avoir projet\u00e9 un attentat dans son lyc\u00e9e mis en accusation par le parquet f\u00e9d\u00e9ral qui a demand\u00e9 son renvoi en proc\u00e8s"},"content":{"rendered":"\n<p>Un adolescent allemand soup\u00e7onn\u00e9 d&rsquo;avoir projet\u00e9 un attentat d&rsquo;extr\u00eame droite dans son lyc\u00e9e de Essen (ouest) a \u00e9t\u00e9 mis en accusation par le parquet f\u00e9d\u00e9ral qui a demand\u00e9 son renvoi en proc\u00e8s.<\/p>\n\n\n\n<p>L&rsquo;adolescent, d\u00e9sormais \u00e2g\u00e9 de 17 ans -16 au moment des faits-, est soup\u00e7onn\u00e9 d&rsquo;avoir pr\u00e9par\u00e9 un \u00ab\u00a0acte de violence grave mettant en danger l\u2019\u00c9tat\u00a0\u00bb, explique dans un communiqu\u00e9 le parquet de Karlsruhe charg\u00e9 des affaires de terrorisme.<\/p>\n\n\n\n<p>Il est \u00e9galement accus\u00e9 de financement d&rsquo;activit\u00e9s terroristes et de violations de la loi sur les armes et les explosifs. \u00ab\u00a0Le 13 mai dernier, Jeremy R. avait projet\u00e9 de commettre un attentat d&rsquo;extr\u00eame droite contre le lyc\u00e9e o\u00f9 il \u00e9tait scolaris\u00e9 \u00e0 Essen\u00a0\u00bb, \u00e9crit le parquet. \u00ab\u00a0Des professeurs et un grand nombre d&rsquo;\u00e9l\u00e8ves devaient \u00eatre tu\u00e9s\u00a0\u00bb, ajoute-t-il.<\/p>\n\n\n\n<p>Il s&rsquo;\u00e9tait procur\u00e9 du mat\u00e9riel pour fabriquer des bombes artisanales et s&rsquo;\u00e9tait inform\u00e9 sur le \u00ab\u00a0darknet\u00a0\u00bb sur la mani\u00e8re de le faire.<\/p>\n\n\n\n<p>Il \u00e9tait par ailleurs en possession de toutes sortes d&rsquo;armes pour mener \u00e0 bien son attentat : \u00ab\u00a0couteaux, coups-de-poing am\u00e9ricains, machettes, arbal\u00e8tes et fl\u00e8ches, ainsi que diff\u00e9rentes sortes de pistolets\u00a0\u00bb.<\/p>\n\n\n\n<p>L&rsquo;adolescent avait \u00e9t\u00e9 arr\u00eat\u00e9 avant de passer \u00e0 l&rsquo;acte. Il se trouve actuellement en d\u00e9tention provisoire.<\/p>\n\n\n\n<p>Le 12 mai, les forces d&rsquo;\u00e9lite de la police allemande avaient fait irruption dans son appartement apr\u00e8s avoir re\u00e7u un \u00ab\u00a0renseignement\u00a0\u00bb d&rsquo;un autre adolescent.<\/p>\n\n\n\n<p>Des \u00ab\u00a0inscriptions SS\u00a0\u00bb avaient \u00e9t\u00e9 d\u00e9couvertes dans sa chambre, avaient alors soulign\u00e9 les autorit\u00e9s de Rh\u00e9nanie du Nord-Westphalie, le Land (Etat r\u00e9gional) o\u00f9 se trouve Essen.<\/p>\n\n\n\n<p>Cette affaire pr\u00e9sente des similitudes avec l&rsquo;attentat raciste de Hanau, pr\u00e8s de Francfort, perp\u00e9tr\u00e9 en f\u00e9vrier 2020 par Tobias Rathjen, un Allemand impliqu\u00e9 dans la mouvance complotiste qui avait abattu neuf jeunes, tous d&rsquo;origine \u00e9trang\u00e8re.<\/p>\n\n\n\n<p>Les autorit\u00e9s allemandes ont class\u00e9 ces derni\u00e8res ann\u00e9es la violence d&rsquo;extr\u00eame droite au premier rang des menaces \u00e0 l&rsquo;ordre public, avant le risque jihadiste.<\/p>\n","protected":false},"excerpt":{"rendered":"<p>Un adolescent allemand soup\u00e7onn\u00e9 d&rsquo;avoir projet\u00e9 un attentat d&rsquo;extr\u00eame droite dans son lyc\u00e9e de Essen (ouest) a \u00e9t\u00e9 mis en accusation par le parquet f\u00e9d\u00e9ral qui a demand\u00e9 son renvoi en proc\u00e8s. L&rsquo;adolescent, d\u00e9sormais \u00e2g\u00e9 de 17 ans -16 au moment des faits-, est soup\u00e7onn\u00e9 d&rsquo;avoir pr\u00e9par\u00e9 un \u00ab\u00a0acte de violence grave mettant en danger [&hellip;]<\/p>\n","protected":false},"author":2,"featured_media":22607,"comment_status":"open","ping_status":"open","sticky":false,"template":"","format":"standard","meta":{"_jetpack_memberships_contains_paid_content":false,"footnotes":"","jetpack_publicize_message":"","jetpack_publicize_feature_enabled":true,"jetpack_social_post_already_shared":true,"jetpack_social_options":{"image_generator_settings":{"template":"highway","default_image_id":0,"font":"","enabled":false},"version":2},"_wpas_customize_per_network":false},"categories":[405],"tags":[],"class_list":["post-22606","post","type-post","status-publish","format-standard","has-post-thumbnail","hentry","category-actu-france-monde"],"jetpack_publicize_connections":[],"jetpack_featured_media_url":"https:\/\/i0.wp.com\/www.iceagetv.com\/radiosite\/wp-content\/uploads\/2022\/10\/Un-adolescent-soupconne-davoir-projete-un-attentat-dans-son-lycee.jpg?fit=679%2C293&ssl=1","jetpack_sharing_enabled":true,"_links":{"self":[{"href":"https:\/\/www.iceagetv.com\/radiosite\/wp-json\/wp\/v2\/posts\/22606","targetHints":{"allow":["GET"]}}],"collection":[{"href":"https:\/\/www.iceagetv.com\/radiosite\/wp-json\/wp\/v2\/posts"}],"about":[{"href":"https:\/\/www.iceagetv.com\/radiosite\/wp-json\/wp\/v2\/types\/post"}],"author":[{"embeddable":true,"href":"https:\/\/www.iceagetv.com\/radiosite\/wp-json\/wp\/v2\/users\/2"}],"replies":[{"embeddable":true,"href":"https:\/\/www.iceagetv.com\/radiosite\/wp-json\/wp\/v2\/comments?post=22606"}],"version-history":[{"count":1,"href":"https:\/\/www.iceagetv.com\/radiosite\/wp-json\/wp\/v2\/posts\/22606\/revisions"}],"predecessor-version":[{"id":22608,"href":"https:\/\/www.iceagetv.com\/radiosite\/wp-json\/wp\/v2\/posts\/22606\/revisions\/22608"}],"wp:featuredmedia":[{"embeddable":true,"href":"https:\/\/www.iceagetv.com\/radiosite\/wp-json\/wp\/v2\/media\/22607"}],"wp:attachment":[{"href":"https:\/\/www.iceagetv.com\/radiosite\/wp-json\/wp\/v2\/media?parent=22606"}],"wp:term":[{"taxonomy":"category","embeddable":true,"href":"https:\/\/www.iceagetv.com\/radiosite\/wp-json\/wp\/v2\/categories?post=22606"},{"taxonomy":"post_tag","embeddable":true,"href":"https:\/\/www.iceagetv.com\/radiosite\/wp-json\/wp\/v2\/tags?post=22606"}],"curies":[{"name":"wp","href":"https:\/\/api.w.org\/{rel}","templated":true}]}}