{"id":22609,"date":"2022-10-11T18:57:29","date_gmt":"2022-10-11T18:57:29","guid":{"rendered":"http:\/\/www.iceagetv.com\/radiosite\/?p=22609"},"modified":"2022-10-11T18:57:29","modified_gmt":"2022-10-11T18:57:29","slug":"le-g7-promet-de-demander-des-comptes-a-poutine-apres-les-bombardements-sur-lukraine","status":"publish","type":"post","link":"https:\/\/www.iceagetv.com\/radiosite\/le-g7-promet-de-demander-des-comptes-a-poutine-apres-les-bombardements-sur-lukraine\/","title":{"rendered":"Le G7 promet de \u00abdemander des comptes\u00bb \u00e0 Poutine apr\u00e8s les bombardements sur l&rsquo;Ukraine"},"content":{"rendered":"\n<p>Les dirigeants du G7 s&rsquo;en sont aussi pris \u00e0 la Bi\u00e9lorussie, tout en brandissant la menace de nouvelles sanctions \u00e0 l&rsquo;\u00e9gard de Moscou.<\/p>\n\n\n\n<p>Les dirigeants du G7 ont promis mardi 11 octobre \u00ab<em>de demander des comptes au pr\u00e9sident Vladimir Poutine<\/em>\u00bb apr\u00e8s les\u00a0<a rel=\"noreferrer noopener\" href=\"https:\/\/www.lefigaro.fr\/international\/malgre-la-riposte-russe-kiev-est-en-quete-de-son-moment-decisif-dans-les-territoires-annexes-20221010\" target=\"_blank\">frappes russes qui pleuvent sur l&rsquo;Ukraine<\/a>\u00a0depuis deux jours. \u00ab<em>Nous condamnons ces attaques de la fa\u00e7on la plus v\u00e9h\u00e9mente possible et rappelons que les attaques aveugles contre des populations civiles innocentes constituent un crime de guerre<\/em>\u00bb, ont affirm\u00e9 les dirigeants dans un communiqu\u00e9, apr\u00e8s une r\u00e9union en ligne avec le pr\u00e9sident ukrainien Volodymyr Zelensky.<\/p>\n\n\n\n<h2 class=\"wp-block-heading\" id=\"subhead-99ee9dea-62ea-4acc-87b2-3911a6f9e787\">Menace de nouvelles sanctions<\/h2>\n\n\n\n<p>Ils ont aussi brandi la menace de nouvelles sanctions: \u00ab<em>Nous continuerons d&rsquo;imposer des co\u00fbts \u00e9conomiques suppl\u00e9mentaires \u00e0 la Russie et aux individus<\/em>\u00bb qui soutiennent son attaque contre l&rsquo;Ukraine. Les pays du G7 s&rsquo;en sont aussi pris \u00e0 Minsk, apr\u00e8s l&rsquo;annonce de la cr\u00e9ation d&rsquo;une force militaire commune avec Moscou, qui constitue \u00ab<em>l&rsquo;exemple le plus r\u00e9cent de la complicit\u00e9<\/em>\u00bb de la Bi\u00e9lorussie avec la Russie dans la&nbsp;<a href=\"https:\/\/www.lefigaro.fr\/international\/dossier\/tensions-entre-la-russie-et-l-ukraine-tout-comprendre-a-la-menace-d-une-invasion-russe\" target=\"_blank\" rel=\"noreferrer noopener\">guerre contre l&rsquo;Ukraine<\/a>.<\/p>\n\n\n\n<p>\u00ab<em>Nous r\u00e9it\u00e9rons notre appel aux autorit\u00e9s de Bi\u00e9lorussie \u00e0 arr\u00eater de permettre aux forces arm\u00e9es russes d&rsquo;utiliser<\/em>\u00bb leur territoire pour agir contre l&rsquo;Ukraine, ont ajout\u00e9 les dirigeants du G7. Ils ont \u00e9galement r\u00e9assur\u00e9 le pr\u00e9sident Zelensky de leur soutien \u00ab<em>financier, humanitaire, militaire, diplomatique aussi longtemps qu&rsquo;il le faudra<\/em>\u00bb. Et ils ont dit \u00ab<em>attendre avec int\u00e9r\u00eat les r\u00e9sultats de la Conf\u00e9rence internationale d&rsquo;experts sur le r\u00e9tablissement, la reconstruction et la modernisation de l&rsquo;Ukraine qui se tiendra le 25 octobre<\/em>\u00bb. Cette conf\u00e9rence d&rsquo;experts, \u00e0 laquelle doit participer notamment la pr\u00e9sidente de la Commission europ\u00e9enne Ursula von der Leyen, doit se tenir \u00e0 Berlin.<\/p>\n","protected":false},"excerpt":{"rendered":"<p>Les dirigeants du G7 s&rsquo;en sont aussi pris \u00e0 la Bi\u00e9lorussie, tout en brandissant la menace de nouvelles sanctions \u00e0 l&rsquo;\u00e9gard de Moscou. Les dirigeants du G7 ont promis mardi 11 octobre \u00abde demander des comptes au pr\u00e9sident Vladimir Poutine\u00bb apr\u00e8s les\u00a0frappes russes qui pleuvent sur l&rsquo;Ukraine\u00a0depuis deux jours. \u00abNous condamnons ces attaques de la [&hellip;]<\/p>\n","protected":false},"author":2,"featured_media":22610,"comment_status":"open","ping_status":"open","sticky":false,"template":"","format":"standard","meta":{"_jetpack_memberships_contains_paid_content":false,"footnotes":"","jetpack_publicize_message":"","jetpack_publicize_feature_enabled":true,"jetpack_social_post_already_shared":true,"jetpack_social_options":{"image_generator_settings":{"template":"highway","default_image_id":0,"font":"","enabled":false},"version":2},"_wpas_customize_per_network":false},"categories":[405],"tags":[],"class_list":["post-22609","post","type-post","status-publish","format-standard","has-post-thumbnail","hentry","category-actu-france-monde"],"jetpack_publicize_connections":[],"jetpack_featured_media_url":"https:\/\/i0.wp.com\/www.iceagetv.com\/radiosite\/wp-content\/uploads\/2022\/10\/Le-G7.jpg?fit=680%2C357&ssl=1","jetpack_sharing_enabled":true,"_links":{"self":[{"href":"https:\/\/www.iceagetv.com\/radiosite\/wp-json\/wp\/v2\/posts\/22609","targetHints":{"allow":["GET"]}}],"collection":[{"href":"https:\/\/www.iceagetv.com\/radiosite\/wp-json\/wp\/v2\/posts"}],"about":[{"href":"https:\/\/www.iceagetv.com\/radiosite\/wp-json\/wp\/v2\/types\/post"}],"author":[{"embeddable":true,"href":"https:\/\/www.iceagetv.com\/radiosite\/wp-json\/wp\/v2\/users\/2"}],"replies":[{"embeddable":true,"href":"https:\/\/www.iceagetv.com\/radiosite\/wp-json\/wp\/v2\/comments?post=22609"}],"version-history":[{"count":1,"href":"https:\/\/www.iceagetv.com\/radiosite\/wp-json\/wp\/v2\/posts\/22609\/revisions"}],"predecessor-version":[{"id":22611,"href":"https:\/\/www.iceagetv.com\/radiosite\/wp-json\/wp\/v2\/posts\/22609\/revisions\/22611"}],"wp:featuredmedia":[{"embeddable":true,"href":"https:\/\/www.iceagetv.com\/radiosite\/wp-json\/wp\/v2\/media\/22610"}],"wp:attachment":[{"href":"https:\/\/www.iceagetv.com\/radiosite\/wp-json\/wp\/v2\/media?parent=22609"}],"wp:term":[{"taxonomy":"category","embeddable":true,"href":"https:\/\/www.iceagetv.com\/radiosite\/wp-json\/wp\/v2\/categories?post=22609"},{"taxonomy":"post_tag","embeddable":true,"href":"https:\/\/www.iceagetv.com\/radiosite\/wp-json\/wp\/v2\/tags?post=22609"}],"curies":[{"name":"wp","href":"https:\/\/api.w.org\/{rel}","templated":true}]}}