{"id":22652,"date":"2022-10-17T18:20:17","date_gmt":"2022-10-17T18:20:17","guid":{"rendered":"http:\/\/www.iceagetv.com\/radiosite\/?p=22652"},"modified":"2022-10-17T18:20:20","modified_gmt":"2022-10-17T18:20:20","slug":"meurtre-a-paris-de-lola-12-ans-la-principale-suspecte-mise-en-examen-pour-le-meurtre-et-le-viol-avec-actes-de-torture-et-de-barbarie-de-la-jeune-fille-brigitte-macron-exprime-son-emotion-apres-ce","status":"publish","type":"post","link":"https:\/\/www.iceagetv.com\/radiosite\/meurtre-a-paris-de-lola-12-ans-la-principale-suspecte-mise-en-examen-pour-le-meurtre-et-le-viol-avec-actes-de-torture-et-de-barbarie-de-la-jeune-fille-brigitte-macron-exprime-son-emotion-apres-ce\/","title":{"rendered":"Meurtre \u00e0 Paris de Lola, 12 ans : La principale suspecte mise en examen pour le meurtre et le viol avec actes de torture et de barbarie de la jeune fille &#8211; Brigitte Macron exprime son \u00e9motion apr\u00e8s ce drame"},"content":{"rendered":"\n<p><strong>La principale suspecte du meurtre de Lola, coll\u00e9gienne de 12 ans, a \u00e9t\u00e9 mise en examen\u00a0pour le meurtre et le viol avec actes de torture et de barbarie de la jeune fille, retrouv\u00e9e morte vendredi dans le 19e arrondissement de Paris.<\/strong><\/p>\n\n\n\n<p>&nbsp;Lors de la dict\u00e9e ELA pour les enfants malades,&nbsp;Brigitte Macron a communiqu\u00e9 son soutien \u00ab\u00a0\u00e0 tout le monde\u00a0\u00bb.&nbsp;\u00ab\u00a0Nous sommes&nbsp;aux c\u00f4t\u00e9s des \u00e9l\u00e8ves, des enseignants et bien s\u00fbr des familles\u00a0\u00bb, a-t-elle d\u00e9clar\u00e9.<\/p>\n\n\n\n<p>\u00ab\u00a0En ce qui concerne les enfants, nous n&rsquo;avons que des devoirs. Le\u00a0premier est de les prot\u00e9ger de tous les dangers et dieu sait s&rsquo;ils sont nombreux. En ce moment, il faut que nous ayons tous une vigilance particuli\u00e8re sur les plus jeunes car ils ont une immense vuln\u00e9rabilit\u00e9. Ce drame doit nous le rappeler\u00a0\u00bb, a-t-elle conclu.\u00a0<\/p>\n\n\n\n<p><strong>Une femme et un homme sont pr\u00e9sent\u00e9s lundi \u00e0 un juge d\u2019instruction en vue d\u2019une \u00e9ventuelle mise en examen apr\u00e8s la d\u00e9couverte vendredi \u00e0 Paris du corps d\u2019une adolescente de 12 ans dans une malle, ont indiqu\u00e9 des sources judiciaire et proche de l\u2019enqu\u00eate. Une information judiciaire a \u00e9t\u00e9 ouverte pour meurtre sur mineure de moins de 15 ans en lien avec un viol commis avec actes de torture et de barbarie, viol sur mineur de 15 ans avec actes de torture et de barbarie et recel de cadavre, a pr\u00e9cis\u00e9 la source judiciaire.<\/strong><\/p>\n\n\n\n<p>Le parquet a requis le placement en d\u00e9tention provisoire des deux suspects, a-t-elle ajout\u00e9.<\/p>\n\n\n\n<p>La femme, \u00e2g\u00e9e de 24 ans et consid\u00e9r\u00e9e comme la principale suspecte, avait \u00e9t\u00e9 interpell\u00e9e \u00e0 l\u2019aube samedi \u00e0 Bois-Colombes (Hauts-de-Seine). La suspecte, qui souffrirait de troubles psychiques, avait \u00e9t\u00e9 aper\u00e7ue sur les images des cam\u00e9ras de surveillance de l\u2019immeuble o\u00f9 r\u00e9sidait la coll\u00e9gienne, pr\u00e9nomm\u00e9e Lola. Ag\u00e9 de 43 ans, l\u2019homme qui sera \u00e9galement pr\u00e9sent\u00e9 \u00e0 un juge dans la journ\u00e9e, est soup\u00e7onn\u00e9 d\u2019avoir h\u00e9berg\u00e9 la suspecte et conduit un v\u00e9hicule dans lequel elle se trouvait.<\/p>\n\n\n\n<p>Les parents de l\u2019adolescente, inquiets de ne pas la voir rentrer du coll\u00e8ge, avaient alert\u00e9 la police de la disparition de leur fille ainsi que de la pr\u00e9sence de cette jeune femme inconnue dans la r\u00e9sidence, situ\u00e9e dans le XIXe arrondissement de Paris. C\u2019est finalement un SDF \u00e2g\u00e9 de 42 ans qui a d\u00e9couvert une bo\u00eete en plastique opaque renfermant le corps de l\u2019adolescente, dans la cour int\u00e9rieure de l\u2019immeuble o\u00f9 r\u00e9side la famille de Lola.<\/p>\n\n\n\n<p>Le corps de la coll\u00e9gienne \u00e9tait dissimul\u00e9 par des tissus, selon des sources proches du dossier. Deux valises cabine \u00e9taient pos\u00e9es \u00e0 c\u00f4t\u00e9 de la malle. L\u2019autopsie pratiqu\u00e9e samedi a permis de d\u00e9terminer que Lola \u00e9tait morte asphyxi\u00e9e, a pr\u00e9cis\u00e9 une source proche de l\u2019enqu\u00eate. Les premi\u00e8res constatations avaient fait \u00e9tat de plaies importantes au cou.<\/p>\n\n\n\n<p>Au total, six personnes ont \u00e9t\u00e9 plac\u00e9es en garde \u00e0 vue dans le cadre de cette enqu\u00eate men\u00e9e par la Brigade criminelle de la police judiciaire parisienne. Quatre d\u2019entre elles ont \u00e9t\u00e9 lib\u00e9r\u00e9es sans poursuite \u00e0 ce stade.<\/p>\n\n\n\n<p>De multiples investigations ont \u00e9t\u00e9 r\u00e9alis\u00e9es afin d\u2019\u00e9tablir le d\u00e9roulement des faits et le mobile des auteurs. Le rectorat a annonc\u00e9 la mise en place de cellules de soutien psychologique pour les \u00e9l\u00e8ves et pour les personnels du coll\u00e8ge o\u00f9 \u00e9tait scolaris\u00e9e Lola et des \u00e9coles du secteur.<\/p>\n","protected":false},"excerpt":{"rendered":"<p>La principale suspecte du meurtre de Lola, coll\u00e9gienne de 12 ans, a \u00e9t\u00e9 mise en examen\u00a0pour le meurtre et le viol avec actes de torture et de barbarie de la jeune fille, retrouv\u00e9e morte vendredi dans le 19e arrondissement de Paris. &nbsp;Lors de la dict\u00e9e ELA pour les enfants malades,&nbsp;Brigitte Macron a communiqu\u00e9 son soutien [&hellip;]<\/p>\n","protected":false},"author":2,"featured_media":22653,"comment_status":"open","ping_status":"open","sticky":false,"template":"","format":"standard","meta":{"_jetpack_memberships_contains_paid_content":false,"footnotes":"","jetpack_publicize_message":"","jetpack_publicize_feature_enabled":true,"jetpack_social_post_already_shared":true,"jetpack_social_options":{"image_generator_settings":{"template":"highway","default_image_id":0,"font":"","enabled":false},"version":2},"_wpas_customize_per_network":false},"categories":[405],"tags":[],"class_list":["post-22652","post","type-post","status-publish","format-standard","has-post-thumbnail","hentry","category-actu-france-monde"],"jetpack_publicize_connections":[],"jetpack_featured_media_url":"https:\/\/i0.wp.com\/www.iceagetv.com\/radiosite\/wp-content\/uploads\/2022\/10\/Meurtre-a-Paris-de-Lola.jpg?fit=679%2C293&ssl=1","jetpack_sharing_enabled":true,"_links":{"self":[{"href":"https:\/\/www.iceagetv.com\/radiosite\/wp-json\/wp\/v2\/posts\/22652","targetHints":{"allow":["GET"]}}],"collection":[{"href":"https:\/\/www.iceagetv.com\/radiosite\/wp-json\/wp\/v2\/posts"}],"about":[{"href":"https:\/\/www.iceagetv.com\/radiosite\/wp-json\/wp\/v2\/types\/post"}],"author":[{"embeddable":true,"href":"https:\/\/www.iceagetv.com\/radiosite\/wp-json\/wp\/v2\/users\/2"}],"replies":[{"embeddable":true,"href":"https:\/\/www.iceagetv.com\/radiosite\/wp-json\/wp\/v2\/comments?post=22652"}],"version-history":[{"count":1,"href":"https:\/\/www.iceagetv.com\/radiosite\/wp-json\/wp\/v2\/posts\/22652\/revisions"}],"predecessor-version":[{"id":22654,"href":"https:\/\/www.iceagetv.com\/radiosite\/wp-json\/wp\/v2\/posts\/22652\/revisions\/22654"}],"wp:featuredmedia":[{"embeddable":true,"href":"https:\/\/www.iceagetv.com\/radiosite\/wp-json\/wp\/v2\/media\/22653"}],"wp:attachment":[{"href":"https:\/\/www.iceagetv.com\/radiosite\/wp-json\/wp\/v2\/media?parent=22652"}],"wp:term":[{"taxonomy":"category","embeddable":true,"href":"https:\/\/www.iceagetv.com\/radiosite\/wp-json\/wp\/v2\/categories?post=22652"},{"taxonomy":"post_tag","embeddable":true,"href":"https:\/\/www.iceagetv.com\/radiosite\/wp-json\/wp\/v2\/tags?post=22652"}],"curies":[{"name":"wp","href":"https:\/\/api.w.org\/{rel}","templated":true}]}}