{"id":22662,"date":"2022-10-20T07:00:23","date_gmt":"2022-10-20T07:00:23","guid":{"rendered":"http:\/\/www.iceagetv.com\/radiosite\/?p=22662"},"modified":"2022-10-20T07:00:27","modified_gmt":"2022-10-20T07:00:27","slug":"pays-bas-une-voiture-contenant-deux-corps-probablement-ceux-dune-petite-fille-handicapee-de-dix-ans-et-de-son-accompagnatrice-portees-disparues-a-ete-decouverte","status":"publish","type":"post","link":"https:\/\/www.iceagetv.com\/radiosite\/pays-bas-une-voiture-contenant-deux-corps-probablement-ceux-dune-petite-fille-handicapee-de-dix-ans-et-de-son-accompagnatrice-portees-disparues-a-ete-decouverte\/","title":{"rendered":"Pays-Bas : Une voiture contenant deux corps, probablement ceux d\u2019une petite fille handicap\u00e9e de dix ans et de son accompagnatrice port\u00e9es disparues, a \u00e9t\u00e9 d\u00e9couverte"},"content":{"rendered":"\n<p><strong>Une voiture contenant deux corps, probablement ceux d\u2019une petite fille handicap\u00e9e de dix ans et de son accompagnatrice port\u00e9es disparues, a \u00e9t\u00e9 d\u00e9couverte&nbsp; dans le sud du pays<\/strong>, a annonc\u00e9 la police n\u00e9erlandaise. Les enqu\u00eateurs ont retrouv\u00e9 la voiture que conduisait Sanne, 26 ans, avec Hebe, petite fille de dix ans souffrant d\u2019un handicap moteur, au moment de leur disparition. Elle \u00e9tait submerg\u00e9e dans un plan d\u2019eau pr\u00e8s de la ville de Den Bosch, a-t-elle tweet\u00e9.<\/p>\n\n\n\n<p>Deux cadavres ont \u00e9t\u00e9 retrouv\u00e9s \u00e0 bord, a par la suite pr\u00e9cis\u00e9 un porte-parole de la police \u00e0 la cha\u00eene publique NOS, ajoutant que les enqu\u00eateurs avaient \u00ab\u00a0toutes les raisons de croire\u00a0\u00bb qu\u2019il s\u2019agit de la fillette et de son accompagnatrice.<\/p>\n\n\n\n<p><strong>Une vaste op\u00e9ration de recherches est en cours&nbsp; aux Pays-Bas suite \u00e0 la disparition lundi d&rsquo;une petite fille handicap\u00e9e \u00e2g\u00e9e de 10 ans et de son accompagnatrice, a annonc\u00e9 la police n\u00e9erlandaise.<\/strong>&nbsp;Elles ont \u00e9t\u00e9 aper\u00e7ues pour la derni\u00e8re fois dans une voiture de couleur noire sur une autoroute dans le sud des Pays-Bas.<\/p>\n\n\n\n<p>La petite fille, Hebe, qui souffre selon les m\u00e9dias locaux d&rsquo;un handicap moteur, portait un manteau rose, une jupe noire et un sac \u00e0 dos violet, a indiqu\u00e9 la police.<\/p>\n\n\n\n<p>Apr\u00e8s une traque infructueuse mardi, durant laquelle plusieurs zones ont \u00e9t\u00e9 ratiss\u00e9es \u00e0 pied et \u00e0 l&rsquo;aide d&rsquo;un h\u00e9licopt\u00e8re, \u00abla recherche de Hebe et Sanne se poursuit sans rel\u00e2che aujourd&rsquo;hui (mercredi)\u00bb, a d\u00e9clar\u00e9 la police sur Twitter.<\/p>\n\n\n\n<p>Dans un communiqu\u00e9 publi\u00e9 la veille, la police s&rsquo;est dite \u00abinqui\u00e8te\u00bb car \u00abHebe a un handicap et a besoin de soins 24h\/24\u00bb.<\/p>\n\n\n\n<p>La petite fille et son accompagnatrice, \u00e2g\u00e9e de 26 ans, ont disparu lundi apr\u00e8s-midi sur la route entre le centre d&rsquo;accueil sp\u00e9cialis\u00e9 de l&rsquo;enfant \u00e0 Raamsdonkveer, pr\u00e8s de la fronti\u00e8re avec la Belgique, et son domicile \u00e0 Vught.<\/p>\n\n\n\n<p>La police, qui a lanc\u00e9 une alerte nationale avec la photo de la petite fille et un appel \u00e0 t\u00e9moins, dit envisager \u00abtous les sc\u00e9narios\u00bb, allant d&rsquo;un accident \u00e0 un enl\u00e8vement.<\/p>\n\n\n\n<p>La police a indiqu\u00e9 avoir mobilis\u00e9 100 personnes pour la poursuite des recherches mercredi.<\/p>\n","protected":false},"excerpt":{"rendered":"<p>Une voiture contenant deux corps, probablement ceux d\u2019une petite fille handicap\u00e9e de dix ans et de son accompagnatrice port\u00e9es disparues, a \u00e9t\u00e9 d\u00e9couverte&nbsp; dans le sud du pays, a annonc\u00e9 la police n\u00e9erlandaise. Les enqu\u00eateurs ont retrouv\u00e9 la voiture que conduisait Sanne, 26 ans, avec Hebe, petite fille de dix ans souffrant d\u2019un handicap moteur, [&hellip;]<\/p>\n","protected":false},"author":2,"featured_media":22663,"comment_status":"open","ping_status":"open","sticky":false,"template":"","format":"standard","meta":{"_jetpack_memberships_contains_paid_content":false,"footnotes":"","jetpack_publicize_message":"","jetpack_publicize_feature_enabled":true,"jetpack_social_post_already_shared":true,"jetpack_social_options":{"image_generator_settings":{"template":"highway","default_image_id":0,"font":"","enabled":false},"version":2},"_wpas_customize_per_network":false},"categories":[405],"tags":[],"class_list":["post-22662","post","type-post","status-publish","format-standard","has-post-thumbnail","hentry","category-actu-france-monde"],"jetpack_publicize_connections":[],"jetpack_featured_media_url":"https:\/\/i0.wp.com\/www.iceagetv.com\/radiosite\/wp-content\/uploads\/2022\/10\/Une-voiture-contenant-deux-corps-probablement-ceux-dune-petite-fille-handicapee.jpg?fit=679%2C293&ssl=1","jetpack_sharing_enabled":true,"_links":{"self":[{"href":"https:\/\/www.iceagetv.com\/radiosite\/wp-json\/wp\/v2\/posts\/22662","targetHints":{"allow":["GET"]}}],"collection":[{"href":"https:\/\/www.iceagetv.com\/radiosite\/wp-json\/wp\/v2\/posts"}],"about":[{"href":"https:\/\/www.iceagetv.com\/radiosite\/wp-json\/wp\/v2\/types\/post"}],"author":[{"embeddable":true,"href":"https:\/\/www.iceagetv.com\/radiosite\/wp-json\/wp\/v2\/users\/2"}],"replies":[{"embeddable":true,"href":"https:\/\/www.iceagetv.com\/radiosite\/wp-json\/wp\/v2\/comments?post=22662"}],"version-history":[{"count":1,"href":"https:\/\/www.iceagetv.com\/radiosite\/wp-json\/wp\/v2\/posts\/22662\/revisions"}],"predecessor-version":[{"id":22664,"href":"https:\/\/www.iceagetv.com\/radiosite\/wp-json\/wp\/v2\/posts\/22662\/revisions\/22664"}],"wp:featuredmedia":[{"embeddable":true,"href":"https:\/\/www.iceagetv.com\/radiosite\/wp-json\/wp\/v2\/media\/22663"}],"wp:attachment":[{"href":"https:\/\/www.iceagetv.com\/radiosite\/wp-json\/wp\/v2\/media?parent=22662"}],"wp:term":[{"taxonomy":"category","embeddable":true,"href":"https:\/\/www.iceagetv.com\/radiosite\/wp-json\/wp\/v2\/categories?post=22662"},{"taxonomy":"post_tag","embeddable":true,"href":"https:\/\/www.iceagetv.com\/radiosite\/wp-json\/wp\/v2\/tags?post=22662"}],"curies":[{"name":"wp","href":"https:\/\/api.w.org\/{rel}","templated":true}]}}