{"id":22679,"date":"2022-10-21T14:40:01","date_gmt":"2022-10-21T14:40:01","guid":{"rendered":"http:\/\/www.iceagetv.com\/radiosite\/?p=22679"},"modified":"2022-10-21T14:40:05","modified_gmt":"2022-10-21T14:40:05","slug":"europe-2-de-retour-pour-remplacer-virgin-radio","status":"publish","type":"post","link":"https:\/\/www.iceagetv.com\/radiosite\/europe-2-de-retour-pour-remplacer-virgin-radio\/","title":{"rendered":"Europe 2 de retour pour remplacer Virgin Radio"},"content":{"rendered":"\n<p>&nbsp;Retour imminent.&nbsp;<a href=\"https:\/\/www.huffingtonpost.fr\/medias\/article\/virgin-radio-veut-redevenir-europe-2_198091.html\">En juin dernier<\/a>, le&nbsp;groupe Lagard\u00e8re&nbsp;avait annonc\u00e9 sa volont\u00e9 de redonner \u00e0&nbsp;<a href=\"https:\/\/www.huffingtonpost.fr\/medias\/article\/manu-payet-succede-a-camille-combal-sur-virgin-radio_165219.html\">Virgin Radio<\/a>&nbsp;le nom que la station portait jusqu\u2019en 2008, Europe 2, sous r\u00e9serve d\u2019un accord de l\u2019Arcom (l\u2019Autorit\u00e9 de r\u00e9gulation de la communication audiovisuelle et num\u00e9rique). Cette derni\u00e8re ayant r\u00e9pondu par l\u2019affirmative, Europe 2 fera officiellement son retour en&nbsp;janvier, avec un nouveau logo.<\/p>\n\n\n\n<p>La nouvelle identit\u00e9 visuelle d\u2019Europe 2,\u00a0<em>\u00ab\u00a0moderne, dynamique et \u00e9pur\u00e9e\u00a0\u00bb,<\/em>\u00a0s\u2019inscrit dans un\u00a0<em>\u00ab\u00a0projet de repositionnement de la marque Europe\u00a0\u00bb<\/em>, indique un communiqu\u00e9 du groupe\u00a0<a href=\"https:\/\/www.huffingtonpost.fr\/culture\/article\/paris-match-apres-le-depart-de-bruno-jeudy-une-motion-de-defiance-votee-contre-la-direction_206817.html\">Lagard\u00e8re<\/a>\u00a0publi\u00e9 ce vendredi 21\u00a0octobre. L\u2019ambition est de\u00a0<em>\u00ab\u00a0r\u00e9v\u00e9ler de nouveaux talents, de nouvelles incarnations et de nouveaux formats aupr\u00e8s d\u2019un public de jeunes adultes et d\u2019adultes. La station s\u2019appuiera sur des \u00e9v\u00e9nements musicaux d\u2019envergure et des sessions live in\u00e9dits pour nourrir le lien entre les auditeurs, les publics et les artistes\u00a0<\/em>\u00bb, peut-on lire.<\/p>\n\n\n\n<p>Le nouveau logo noir et rouge reprend&nbsp;<em>\u00ab&nbsp;les codes graphiques du spectre sonore&nbsp;\u00bb, \u00ab&nbsp;incarnation parfaite de l\u2019image du son, de l\u2019onde radio&nbsp;\u00bb,<\/em>&nbsp;pr\u00e9cise Lagard\u00e8re.<\/p>\n\n\n\n<p><em>\u00ab&nbsp;Nous sommes repartis d\u2019une feuille blanche, comme si nous lancions une nouvelle marque. Il ne s\u2019agissait pas de faire \u00e9voluer le logo de Virgin Radio en logo Europe 2 \u00bb,&nbsp;<\/em>explique Jean-Patrick Chiquiar, cofondateur de Rosa Paris, l\u2019agence de publicit\u00e9 qui a travaill\u00e9 sur ce logo.<\/p>\n\n\n\n<p>L\u2019un des objectifs du retour \u00e0 Europe 2 est de&nbsp;<em>\u00ab&nbsp;conforter&nbsp;\u00bb&nbsp;<\/em>le<em>&nbsp;\u00ab&nbsp;centre de gravit\u00e9&nbsp;\u00bb&nbsp;<\/em>de la marque Europe<em>&nbsp;\u00ab&nbsp;sur un territoire francophone et de renforcer son r\u00f4le de partenaire de premier plan de la sc\u00e8ne fran\u00e7aise&nbsp;\u00bb,&nbsp;<\/em>indiquait le groupe Lagard\u00e8re en juin. Cr\u00e9\u00e9e en 1986, Europe 2 \u00e9tait devenue Virgin Radio il y a quinze ans \u00e0 la faveur d\u2019un contrat pass\u00e9 avec le groupe am\u00e9ricain de Richard Branson.<\/p>\n\n\n\n<p>D\u2019apr\u00e8s&nbsp;<a href=\"https:\/\/www.liberation.fr\/economie\/medias\/virgin-radio-cest-fini-revoila-europe-2-20220615_G7LUINIH7ZH67LTPSFDPNPCZV4\/?redirected=1\"><em>Lib\u00e9ration<\/em><\/a>,&nbsp;<a href=\"https:\/\/www.huffingtonpost.fr\/medias\/article\/meurtre-de-lola-chez-hanouna-une-interview-de-darmanin-apres-une-semaine-d-indecence-dans-tpmp_209236.html\">Cyril Hanouna<\/a>&nbsp;produira la matinale d\u2019Europe 2, pr\u00e9sent\u00e9e par son chroniqueur dans&nbsp;<em>Touche pas \u00e0 mon poste<\/em>&nbsp;Guillaume Genton.<\/p>\n","protected":false},"excerpt":{"rendered":"<p>&nbsp;Retour imminent.&nbsp;En juin dernier, le&nbsp;groupe Lagard\u00e8re&nbsp;avait annonc\u00e9 sa volont\u00e9 de redonner \u00e0&nbsp;Virgin Radio&nbsp;le nom que la station portait jusqu\u2019en 2008, Europe 2, sous r\u00e9serve d\u2019un accord de l\u2019Arcom (l\u2019Autorit\u00e9 de r\u00e9gulation de la communication audiovisuelle et num\u00e9rique). Cette derni\u00e8re ayant r\u00e9pondu par l\u2019affirmative, Europe 2 fera officiellement son retour en&nbsp;janvier, avec un nouveau logo. La [&hellip;]<\/p>\n","protected":false},"author":2,"featured_media":22680,"comment_status":"open","ping_status":"open","sticky":false,"template":"","format":"standard","meta":{"_jetpack_memberships_contains_paid_content":false,"footnotes":"","jetpack_publicize_message":"","jetpack_publicize_feature_enabled":true,"jetpack_social_post_already_shared":true,"jetpack_social_options":{"image_generator_settings":{"template":"highway","default_image_id":0,"font":"","enabled":false},"version":2},"_wpas_customize_per_network":false},"categories":[68],"tags":[],"class_list":["post-22679","post","type-post","status-publish","format-standard","has-post-thumbnail","hentry","category-actu-culturelle"],"jetpack_publicize_connections":[],"jetpack_featured_media_url":"https:\/\/i0.wp.com\/www.iceagetv.com\/radiosite\/wp-content\/uploads\/2022\/10\/Europe-2-de-retour-pour-remplacer-Virgin-Radio.jpg?fit=680%2C383&ssl=1","jetpack_sharing_enabled":true,"_links":{"self":[{"href":"https:\/\/www.iceagetv.com\/radiosite\/wp-json\/wp\/v2\/posts\/22679","targetHints":{"allow":["GET"]}}],"collection":[{"href":"https:\/\/www.iceagetv.com\/radiosite\/wp-json\/wp\/v2\/posts"}],"about":[{"href":"https:\/\/www.iceagetv.com\/radiosite\/wp-json\/wp\/v2\/types\/post"}],"author":[{"embeddable":true,"href":"https:\/\/www.iceagetv.com\/radiosite\/wp-json\/wp\/v2\/users\/2"}],"replies":[{"embeddable":true,"href":"https:\/\/www.iceagetv.com\/radiosite\/wp-json\/wp\/v2\/comments?post=22679"}],"version-history":[{"count":1,"href":"https:\/\/www.iceagetv.com\/radiosite\/wp-json\/wp\/v2\/posts\/22679\/revisions"}],"predecessor-version":[{"id":22681,"href":"https:\/\/www.iceagetv.com\/radiosite\/wp-json\/wp\/v2\/posts\/22679\/revisions\/22681"}],"wp:featuredmedia":[{"embeddable":true,"href":"https:\/\/www.iceagetv.com\/radiosite\/wp-json\/wp\/v2\/media\/22680"}],"wp:attachment":[{"href":"https:\/\/www.iceagetv.com\/radiosite\/wp-json\/wp\/v2\/media?parent=22679"}],"wp:term":[{"taxonomy":"category","embeddable":true,"href":"https:\/\/www.iceagetv.com\/radiosite\/wp-json\/wp\/v2\/categories?post=22679"},{"taxonomy":"post_tag","embeddable":true,"href":"https:\/\/www.iceagetv.com\/radiosite\/wp-json\/wp\/v2\/tags?post=22679"}],"curies":[{"name":"wp","href":"https:\/\/api.w.org\/{rel}","templated":true}]}}