{"id":22687,"date":"2022-10-22T13:31:01","date_gmt":"2022-10-22T13:31:01","guid":{"rendered":"http:\/\/www.iceagetv.com\/radiosite\/?p=22687"},"modified":"2022-10-22T13:31:05","modified_gmt":"2022-10-22T13:31:05","slug":"une-large-majorite-de-francais-se-disent-prets-a-moins-consommer-denergie-ou-estiment-deja-le-faire-en-premier-lieu-pour-faire-baisser-leurs-factures-selon-une-etude","status":"publish","type":"post","link":"https:\/\/www.iceagetv.com\/radiosite\/une-large-majorite-de-francais-se-disent-prets-a-moins-consommer-denergie-ou-estiment-deja-le-faire-en-premier-lieu-pour-faire-baisser-leurs-factures-selon-une-etude\/","title":{"rendered":"Une large majorit\u00e9 de Fran\u00e7ais se disent pr\u00eats \u00e0 moins consommer d&rsquo;\u00e9nergie, ou estiment d\u00e9j\u00e0 le faire, en premier lieu pour faire baisser leurs factures, selon une \u00e9tude"},"content":{"rendered":"\n<p>Une large majorit\u00e9 de Fran\u00e7ais se disent pr\u00eats \u00e0 moins consommer d&rsquo;\u00e9nergie, ou estiment d\u00e9j\u00e0 le faire, en premier lieu pour faire baisser leurs factures, montre le barom\u00e8tre annuel du M\u00e9diateur de l&rsquo;\u00e9nergie.<\/p>\n\n\n\n<p>Au total, 31% des personnes interrog\u00e9es se d\u00e9clarent pr\u00eates \u00e0 modifier leurs comportements et 59% disent d\u00e9j\u00e0 faire attention et ne pas \u00eatre en mesure de faire davantage. Seules 10% disent qu&rsquo;elles ne changeront pas leurs habitudes ou n&rsquo;ont pas encore d\u00e9cid\u00e9, selon des r\u00e9sultats publi\u00e9s.<\/p>\n\n\n\n<p>Parmi les gestes les plus cit\u00e9s, \u00e9teindre les lumi\u00e8res inutiles (75%), baisser le chauffage en cas d&rsquo;absence (61%), ne pas laisser les appareils \u00e9lectriques en veille (60%), diminuer la temp\u00e9rature de chauffage (58%).<\/p>\n\n\n\n<p>Quelque 69% des foyers d\u00e9clarent ainsi avoir r\u00e9duit le chauffage chez eux pour limiter le montant des factures. Ils sont de plus en plus nombreux, puisqu&rsquo;ils \u00e9taient 53% en 2020.<\/p>\n\n\n\n<p>De ce fait, cette ann\u00e9e, 22% des foyers interrog\u00e9s d\u00e9clarent avoir souffert du froid pendant au moins 24 heures (contre 20% en 2021 et 14% en 2020).<\/p>\n\n\n\n<p>Quelque 27% d\u00e9clarent avoir eu du mal \u00e0 payer certaines factures d&rsquo;\u00e9nergie (18% en 2020). Cette ann\u00e9e encore, les 18-34 ans sont les plus touch\u00e9s, 51% d\u00e9clarant des difficult\u00e9s.<\/p>\n\n\n\n<p>\u00ab\u00a0Les consommateurs d&rsquo;\u00e9nergie sont d&rsquo;accord pour participer \u00e0 l&rsquo;effort national de sobri\u00e9t\u00e9 \u00e9nerg\u00e9tique\u00a0\u00bb, souligne le m\u00e9diateur de l&rsquo;\u00e9nergie Olivier Challan Belval en commentant cette enqu\u00eate.<\/p>\n\n\n\n<p>Il reste n\u00e9anmoins des gestes \u00e0 mieux faire conna\u00eetre, comme le d\u00e9calage de certaines consommations \u00e9lectriques dans la journ\u00e9e, en dehors des p\u00e9riodes de forte consommation que sont les tranches 8H00-13H00 et 17H30-20H30.<\/p>\n\n\n\n<p>\u00ab\u00a0D\u00e9caler une partie de sa consommation d&rsquo;\u00e9lectricit\u00e9 \u00e0 un autre moment que lors des pics de consommation est l&rsquo;un des gestes moins souvent \u00e9voqu\u00e9s, probablement car il n&rsquo;est pas encore bien compris\u00a0\u00bb, rel\u00e8ve-t-il.<\/p>\n\n\n\n<p>Les raisons \u00e9cologiques \u00e9tant la seconde motivation des consommateurs, apr\u00e8s les factures, \u00ab\u00a0il faut expliquer que d\u00e9caler les consommations c&rsquo;est bon pour la plan\u00e8te, puisqu&rsquo;on \u00e9vite ainsi de faire fonctionner des centrales de production plus polluantes\u00a0\u00bb, ajoute-t-il.<\/p>\n\n\n\n<p>Enqu\u00eate r\u00e9alis\u00e9e par l&rsquo;institut d&rsquo;\u00e9tudes Becoming du 1er au 16 septembre aupr\u00e8s d&rsquo;un \u00e9chantillon repr\u00e9sentatif de 2.006 foyers interrog\u00e9s par voie \u00e9lectronique pour la quatri\u00e8me ann\u00e9e de suite.<\/p>\n","protected":false},"excerpt":{"rendered":"<p>Une large majorit\u00e9 de Fran\u00e7ais se disent pr\u00eats \u00e0 moins consommer d&rsquo;\u00e9nergie, ou estiment d\u00e9j\u00e0 le faire, en premier lieu pour faire baisser leurs factures, montre le barom\u00e8tre annuel du M\u00e9diateur de l&rsquo;\u00e9nergie. Au total, 31% des personnes interrog\u00e9es se d\u00e9clarent pr\u00eates \u00e0 modifier leurs comportements et 59% disent d\u00e9j\u00e0 faire attention et ne pas [&hellip;]<\/p>\n","protected":false},"author":2,"featured_media":22688,"comment_status":"open","ping_status":"open","sticky":false,"template":"","format":"standard","meta":{"_jetpack_memberships_contains_paid_content":false,"footnotes":"","jetpack_publicize_message":"","jetpack_publicize_feature_enabled":true,"jetpack_social_post_already_shared":true,"jetpack_social_options":{"image_generator_settings":{"template":"highway","default_image_id":0,"font":"","enabled":false},"version":2},"_wpas_customize_per_network":false},"categories":[405],"tags":[],"class_list":["post-22687","post","type-post","status-publish","format-standard","has-post-thumbnail","hentry","category-actu-france-monde"],"jetpack_publicize_connections":[],"jetpack_featured_media_url":"https:\/\/i0.wp.com\/www.iceagetv.com\/radiosite\/wp-content\/uploads\/2022\/10\/Une-large-majorite-de-Francais-se-disent-prets-a-moins-consommer-denergie.jpg?fit=679%2C293&ssl=1","jetpack_sharing_enabled":true,"_links":{"self":[{"href":"https:\/\/www.iceagetv.com\/radiosite\/wp-json\/wp\/v2\/posts\/22687","targetHints":{"allow":["GET"]}}],"collection":[{"href":"https:\/\/www.iceagetv.com\/radiosite\/wp-json\/wp\/v2\/posts"}],"about":[{"href":"https:\/\/www.iceagetv.com\/radiosite\/wp-json\/wp\/v2\/types\/post"}],"author":[{"embeddable":true,"href":"https:\/\/www.iceagetv.com\/radiosite\/wp-json\/wp\/v2\/users\/2"}],"replies":[{"embeddable":true,"href":"https:\/\/www.iceagetv.com\/radiosite\/wp-json\/wp\/v2\/comments?post=22687"}],"version-history":[{"count":1,"href":"https:\/\/www.iceagetv.com\/radiosite\/wp-json\/wp\/v2\/posts\/22687\/revisions"}],"predecessor-version":[{"id":22689,"href":"https:\/\/www.iceagetv.com\/radiosite\/wp-json\/wp\/v2\/posts\/22687\/revisions\/22689"}],"wp:featuredmedia":[{"embeddable":true,"href":"https:\/\/www.iceagetv.com\/radiosite\/wp-json\/wp\/v2\/media\/22688"}],"wp:attachment":[{"href":"https:\/\/www.iceagetv.com\/radiosite\/wp-json\/wp\/v2\/media?parent=22687"}],"wp:term":[{"taxonomy":"category","embeddable":true,"href":"https:\/\/www.iceagetv.com\/radiosite\/wp-json\/wp\/v2\/categories?post=22687"},{"taxonomy":"post_tag","embeddable":true,"href":"https:\/\/www.iceagetv.com\/radiosite\/wp-json\/wp\/v2\/tags?post=22687"}],"curies":[{"name":"wp","href":"https:\/\/api.w.org\/{rel}","templated":true}]}}