{"id":22690,"date":"2022-10-22T15:57:57","date_gmt":"2022-10-22T15:57:57","guid":{"rendered":"http:\/\/www.iceagetv.com\/radiosite\/?p=22690"},"modified":"2022-10-22T15:58:57","modified_gmt":"2022-10-22T15:58:57","slug":"lancien-premier-ministre-edouard-philippe-a-ete-place-sous-le-statut-de-temoin-assiste-par-des-magistrats-de-la-cour-de-justice-de-la-republique-a-la-sortie-dune-audition-sur-la-ge","status":"publish","type":"post","link":"https:\/\/www.iceagetv.com\/radiosite\/lancien-premier-ministre-edouard-philippe-a-ete-place-sous-le-statut-de-temoin-assiste-par-des-magistrats-de-la-cour-de-justice-de-la-republique-a-la-sortie-dune-audition-sur-la-ge\/","title":{"rendered":"L\u2019ancien premier ministre, Edouard Philippe, a \u00e9t\u00e9 plac\u00e9 sous le statut de t\u00e9moin assist\u00e9 par des magistrats de la Cour de justice de la R\u00e9publique \u00e0 la sortie d\u2019une audition sur la gestion gouvernementale de l\u2019\u00e9pid\u00e9mie de Covid-19"},"content":{"rendered":"\n<p>L\u2019ancien premier ministre, Edouard Philippe, a \u00e9t\u00e9 plac\u00e9, mardi , sous le statut de t\u00e9moin assist\u00e9 par des magistrats de la Cour de justice de la R\u00e9publique (CJR) \u00e0 la sortie d\u2019une audition sur la gestion gouvernementale de l\u2019\u00e9pid\u00e9mie de Covid-19, a annonc\u00e9, samedi, une source proche du dossier \u00e0 l\u2019Agence France-Presse (AFP), confirmant une information de Franceinfo.<\/p>\n\n\n\n<p>Le maire du&nbsp;Havre et pr\u00e9sident d\u2019Horizons, parti proche de la majorit\u00e9 pr\u00e9sidentielle, a \u00e9t\u00e9 entendu mardi par les trois magistrats de la commission d\u2019instruction de la CJR sur les infractions de \u00ab&nbsp;mise en danger de la vie d\u2019autrui&nbsp;\u00bb et \u00ab&nbsp;abstention volontaire de combattre un sinistre&nbsp;\u00bb.<\/p>\n\n\n\n<p>L\u2019ancien premier ministre (mai&nbsp;2017-juillet&nbsp;2020), qui conteste les infractions qui lui sont reproch\u00e9es, a visiblement convaincu les juges puisqu\u2019il a \u00e9t\u00e9 plac\u00e9 sous le statut de t\u00e9moin assist\u00e9, interm\u00e9diaire entre celui de mis en examen et celui de simple t\u00e9moin.<\/p>\n\n\n\n<p>Il d\u00e9signe le statut de la personne mise en cause au cours d\u2019une instruction judiciaire, mais \u00e0 qui il n\u2019est pas directement reproch\u00e9 la commission d\u2019une infraction. S\u2019il n\u2019est pas mis en examen ult\u00e9rieurement, Edouard Philippe ne pourra pas \u00eatre renvoy\u00e9 devant la formation de jugement de la CJR, seule juridiction habilit\u00e9e \u00e0 poursuivre et \u00e0 juger des membres du gouvernement pour des crimes ou d\u00e9lits commis dans l\u2019exercice de leurs fonctions.<\/p>\n\n\n\n<p>Sa convocation devant la CJR avait \u00e9t\u00e9 annonc\u00e9e pour le 24&nbsp;octobre, mais son interrogatoire a \u00e9t\u00e9 avanc\u00e9 d\u2019une semaine. Edouard Philippe est mis en cause notamment pour la gestion des masques de protection \u2013 chirurgicaux (destin\u00e9s \u00e0 la population g\u00e9n\u00e9rale) ou FFP2 (r\u00e9serv\u00e9s aux professionnels de sant\u00e9) \u2013, notamment en ce qui concerne le non-renouvellement des stocks.<\/p>\n\n\n\n<p>Ainsi, en mai&nbsp;2020, une enqu\u00eate du&nbsp;Monde&nbsp;avait mis en lumi\u00e8re l\u2019incurie des pouvoirs publics, coupables d\u2019avoir laiss\u00e9 fondre dans des proportions vertigineuses les stocks de masques (il n\u2019en restait plus, au d\u00e9but de 2020, qu\u2019une centaine de millions, contre 2,2&nbsp;milliards dix ans plus t\u00f4t), jusqu\u2019\u00e0 laisser d\u00e9truire, en mars&nbsp;2020, au plus fort de la crise du Covid-19, des millions de masques encore utilisables\u2026<\/p>\n","protected":false},"excerpt":{"rendered":"<p>L\u2019ancien premier ministre, Edouard Philippe, a \u00e9t\u00e9 plac\u00e9, mardi , sous le statut de t\u00e9moin assist\u00e9 par des magistrats de la Cour de justice de la R\u00e9publique (CJR) \u00e0 la sortie d\u2019une audition sur la gestion gouvernementale de l\u2019\u00e9pid\u00e9mie de Covid-19, a annonc\u00e9, samedi, une source proche du dossier \u00e0 l\u2019Agence France-Presse (AFP), confirmant une [&hellip;]<\/p>\n","protected":false},"author":2,"featured_media":22691,"comment_status":"open","ping_status":"open","sticky":false,"template":"","format":"standard","meta":{"_jetpack_memberships_contains_paid_content":false,"footnotes":"","jetpack_publicize_message":"","jetpack_publicize_feature_enabled":true,"jetpack_social_post_already_shared":true,"jetpack_social_options":{"image_generator_settings":{"template":"highway","default_image_id":0,"font":"","enabled":false},"version":2},"_wpas_customize_per_network":false},"categories":[405],"tags":[],"class_list":["post-22690","post","type-post","status-publish","format-standard","has-post-thumbnail","hentry","category-actu-france-monde"],"jetpack_publicize_connections":[],"jetpack_featured_media_url":"https:\/\/i0.wp.com\/www.iceagetv.com\/radiosite\/wp-content\/uploads\/2022\/10\/Lancien-premier-ministre.jpg?fit=679%2C293&ssl=1","jetpack_sharing_enabled":true,"_links":{"self":[{"href":"https:\/\/www.iceagetv.com\/radiosite\/wp-json\/wp\/v2\/posts\/22690","targetHints":{"allow":["GET"]}}],"collection":[{"href":"https:\/\/www.iceagetv.com\/radiosite\/wp-json\/wp\/v2\/posts"}],"about":[{"href":"https:\/\/www.iceagetv.com\/radiosite\/wp-json\/wp\/v2\/types\/post"}],"author":[{"embeddable":true,"href":"https:\/\/www.iceagetv.com\/radiosite\/wp-json\/wp\/v2\/users\/2"}],"replies":[{"embeddable":true,"href":"https:\/\/www.iceagetv.com\/radiosite\/wp-json\/wp\/v2\/comments?post=22690"}],"version-history":[{"count":1,"href":"https:\/\/www.iceagetv.com\/radiosite\/wp-json\/wp\/v2\/posts\/22690\/revisions"}],"predecessor-version":[{"id":22692,"href":"https:\/\/www.iceagetv.com\/radiosite\/wp-json\/wp\/v2\/posts\/22690\/revisions\/22692"}],"wp:featuredmedia":[{"embeddable":true,"href":"https:\/\/www.iceagetv.com\/radiosite\/wp-json\/wp\/v2\/media\/22691"}],"wp:attachment":[{"href":"https:\/\/www.iceagetv.com\/radiosite\/wp-json\/wp\/v2\/media?parent=22690"}],"wp:term":[{"taxonomy":"category","embeddable":true,"href":"https:\/\/www.iceagetv.com\/radiosite\/wp-json\/wp\/v2\/categories?post=22690"},{"taxonomy":"post_tag","embeddable":true,"href":"https:\/\/www.iceagetv.com\/radiosite\/wp-json\/wp\/v2\/tags?post=22690"}],"curies":[{"name":"wp","href":"https:\/\/api.w.org\/{rel}","templated":true}]}}