{"id":22696,"date":"2022-10-24T18:16:30","date_gmt":"2022-10-24T18:16:30","guid":{"rendered":"http:\/\/www.iceagetv.com\/radiosite\/?p=22696"},"modified":"2022-10-24T18:16:36","modified_gmt":"2022-10-24T18:16:36","slug":"obseques-de-lola-des-centaines-de-personnes-ont-rendu-cet-apres-midi-un-dernier-hommage-a-la-jeune-fille-a-lillers-dans-le-pas-de-calais-linhumation-sest-deroulee-dans-la-plus-str","status":"publish","type":"post","link":"https:\/\/www.iceagetv.com\/radiosite\/obseques-de-lola-des-centaines-de-personnes-ont-rendu-cet-apres-midi-un-dernier-hommage-a-la-jeune-fille-a-lillers-dans-le-pas-de-calais-linhumation-sest-deroulee-dans-la-plus-str\/","title":{"rendered":"Obs\u00e8ques de Lola: Des centaines de personnes ont rendu cet apr\u00e8s-midi un dernier hommage \u00e0 la jeune fille \u00e0 Lillers dans le Pas-de-Calais &#8211; L\u2019inhumation s&rsquo;est d\u00e9roul\u00e9e \u00ab dans la plus stricte intimit\u00e9 \u00bb"},"content":{"rendered":"\n<p><strong>Le cercueil de Lola vient de quitter la coll\u00e9giale Saint-Omer<\/strong>La c\u00e9r\u00e9monie se termine.\u00a0\u00ab\u00a0Il est temps Lola de te dire adieu mais nous te reverrons\u00a0\u00bb, d\u00e9clare l\u2019\u00e9v\u00eaque d\u2019Arras.\u00a0L\u2019inhumation dans le cimeti\u00e8re de Lillers se d\u00e9roulera ensuite \u00ab\u00a0dans la plus stricte intimit\u00e9\u00a0\u00bb.<\/p>\n\n\n\n<p><strong>Les obs\u00e8ques de la petite Lola ont d\u00e9but\u00e9 lundi \u00e0 Lillers (Pas-de-Calais) en pr\u00e9sence de plusieurs centaines de personnes venues rendre un dernier hommage \u00e0 la fillette de 12 ans, dont le meurtre sauvage \u00e0 boulevers\u00e9 le pays.<\/strong>&nbsp;Le cercueil blanc, orn\u00e9 d&rsquo;un bouquet de fleurs blanches, a \u00e9t\u00e9 port\u00e9 \u00e0 l&rsquo;int\u00e9rieur de l&rsquo;\u00e9glise vers 13H45, suivi par ses parents, ses fr\u00e8res, ses proches et une foule d&rsquo;anonymes dans un silence empli d&rsquo;\u00e9motion, puis quelques notes de musique.<\/p>\n\n\n\n<p>La famille avait d\u00e9cid\u00e9 d&rsquo;ouvrir ces fun\u00e9railles au public, tout en r\u00e9affirmant \u00e0 nouveau dimanche soir sa volont\u00e9 d'\u00a0\u00bbhonorer la m\u00e9moire\u00a0\u00bb de Lola \u00ab\u00a0dans la s\u00e9r\u00e9nit\u00e9\u00a0\u00bb, \u00ab\u00a0le respect et la dignit\u00e9\u00a0\u00bb, loin de toute agitation politique. L&rsquo;inhumation dans le cimeti\u00e8re de Lillers, commune de 10.000 habitants dont est originaire sa m\u00e8re, doit se d\u00e9rouler \u00ab\u00a0dans la plus stricte intimit\u00e9\u00a0\u00bb.<\/p>\n\n\n\n<p>Parmi les proches figuraient des voisins de la rue Manin, \u00e0 Paris, o\u00f9 habitait la jeune fille, ainsi que des amis du camping du Pas-de-Calais o\u00f9 la famille passait ses vacances. Le ministre de l&rsquo;Int\u00e9rieur G\u00e9rald Darmanin, la secr\u00e9taire d&rsquo;Etat \u00e0 l&rsquo;Enfance, Charlotte Caubel, et d&rsquo;autres \u00e9lus, dont la d\u00e9put\u00e9e RN de la circonscription Caroline Parmentier, \u00e9taient aussi pr\u00e9sents dans l&rsquo;\u00e9glise de la ville, la coll\u00e9giale Saint-Omer, qui peut accueillir 500 personnes.Apr\u00e8s les prises de parole des proches de Lola, la c\u00e9r\u00e9monie se poursuit avec des chants religieux.<strong>Les obs\u00e8ques de la jeune Lola d\u00e9butent \u00e0 l&rsquo;\u00e9glise de Lillers (Pas-de-Calais) avec des prises de parole des proches de Lola.\u00a0<\/strong>\u00ab\u00a0Tu laisseras un grand vide autour de nous. La petite derni\u00e8re de la famille que tous aimaient taquiner (\u2026) Ton d\u00e9part nous d\u00e9vaste et nous an\u00e9anti\u00a0\u00bb, explique une des proches de Lola, en larmes.\u00a0<\/p>\n","protected":false},"excerpt":{"rendered":"<p>Le cercueil de Lola vient de quitter la coll\u00e9giale Saint-OmerLa c\u00e9r\u00e9monie se termine.\u00a0\u00ab\u00a0Il est temps Lola de te dire adieu mais nous te reverrons\u00a0\u00bb, d\u00e9clare l\u2019\u00e9v\u00eaque d\u2019Arras.\u00a0L\u2019inhumation dans le cimeti\u00e8re de Lillers se d\u00e9roulera ensuite \u00ab\u00a0dans la plus stricte intimit\u00e9\u00a0\u00bb. Les obs\u00e8ques de la petite Lola ont d\u00e9but\u00e9 lundi \u00e0 Lillers (Pas-de-Calais) en pr\u00e9sence de [&hellip;]<\/p>\n","protected":false},"author":2,"featured_media":22697,"comment_status":"open","ping_status":"open","sticky":false,"template":"","format":"standard","meta":{"_jetpack_memberships_contains_paid_content":false,"footnotes":"","jetpack_publicize_message":"","jetpack_publicize_feature_enabled":true,"jetpack_social_post_already_shared":true,"jetpack_social_options":{"image_generator_settings":{"template":"highway","default_image_id":0,"font":"","enabled":false},"version":2},"_wpas_customize_per_network":false},"categories":[405],"tags":[],"class_list":["post-22696","post","type-post","status-publish","format-standard","has-post-thumbnail","hentry","category-actu-france-monde"],"jetpack_publicize_connections":[],"jetpack_featured_media_url":"https:\/\/i0.wp.com\/www.iceagetv.com\/radiosite\/wp-content\/uploads\/2022\/10\/Obseques-de-Lola.jpg?fit=679%2C293&ssl=1","jetpack_sharing_enabled":true,"_links":{"self":[{"href":"https:\/\/www.iceagetv.com\/radiosite\/wp-json\/wp\/v2\/posts\/22696","targetHints":{"allow":["GET"]}}],"collection":[{"href":"https:\/\/www.iceagetv.com\/radiosite\/wp-json\/wp\/v2\/posts"}],"about":[{"href":"https:\/\/www.iceagetv.com\/radiosite\/wp-json\/wp\/v2\/types\/post"}],"author":[{"embeddable":true,"href":"https:\/\/www.iceagetv.com\/radiosite\/wp-json\/wp\/v2\/users\/2"}],"replies":[{"embeddable":true,"href":"https:\/\/www.iceagetv.com\/radiosite\/wp-json\/wp\/v2\/comments?post=22696"}],"version-history":[{"count":1,"href":"https:\/\/www.iceagetv.com\/radiosite\/wp-json\/wp\/v2\/posts\/22696\/revisions"}],"predecessor-version":[{"id":22698,"href":"https:\/\/www.iceagetv.com\/radiosite\/wp-json\/wp\/v2\/posts\/22696\/revisions\/22698"}],"wp:featuredmedia":[{"embeddable":true,"href":"https:\/\/www.iceagetv.com\/radiosite\/wp-json\/wp\/v2\/media\/22697"}],"wp:attachment":[{"href":"https:\/\/www.iceagetv.com\/radiosite\/wp-json\/wp\/v2\/media?parent=22696"}],"wp:term":[{"taxonomy":"category","embeddable":true,"href":"https:\/\/www.iceagetv.com\/radiosite\/wp-json\/wp\/v2\/categories?post=22696"},{"taxonomy":"post_tag","embeddable":true,"href":"https:\/\/www.iceagetv.com\/radiosite\/wp-json\/wp\/v2\/tags?post=22696"}],"curies":[{"name":"wp","href":"https:\/\/api.w.org\/{rel}","templated":true}]}}