{"id":22709,"date":"2022-10-25T18:21:00","date_gmt":"2022-10-25T18:21:00","guid":{"rendered":"http:\/\/www.iceagetv.com\/radiosite\/?p=22709"},"modified":"2022-10-25T18:22:58","modified_gmt":"2022-10-25T18:22:58","slug":"lassemblee-nationale-rejette-le-projet-de-loi-de-programmation-budgetaire-2023-2027","status":"publish","type":"post","link":"https:\/\/www.iceagetv.com\/radiosite\/lassemblee-nationale-rejette-le-projet-de-loi-de-programmation-budgetaire-2023-2027\/","title":{"rendered":"L\u2019Assembl\u00e9e nationale rejette le projet de loi de programmation budg\u00e9taire 2023-2027"},"content":{"rendered":"\n<p>L\u2019Assembl\u00e9e nationale a rejet\u00e9, mardi 25&nbsp;octobre, le projet de loi de programmation budg\u00e9taire 2023-2027, un texte de pilotage qui pr\u00e9voit de ramener le d\u00e9ficit public sous les 3&nbsp;% de PIB en&nbsp;2027. Examin\u00e9 en premi\u00e8re lecture, le texte a \u00e9t\u00e9 repouss\u00e9 par 309&nbsp;voix contre 243, en raison d\u2019une coalition des oppositions.<\/p>\n\n\n\n<p>Ce revers \u00e9tait attendu, en l\u2019absence de majorit\u00e9 absolue pour les macronistes \u00e0 l\u2019Assembl\u00e9e.\u00a0<em>\u00ab\u00a0Les oppositions ont invent\u00e9 le vote d\u2019autocensure, elles se privent d\u2019instruments essentiels pour \u00e9valuer l\u2019action publique\u00a0\u00bb<\/em>, a d\u00e9nonc\u00e9 le ministre des comptes publics, Gabriel Attal.\u00a0<em>\u00ab\u00a0Le texte va continuer \u00e0 cheminer au S\u00e9nat\u00a0\u00bb<\/em>, a-t-il assur\u00e9 devant les d\u00e9put\u00e9s.<\/p>\n\n\n\n<p>Vous pouvez partager un article en cliquant sur les ic\u00f4nes de partage en haut \u00e0 droite de celui-ci.<br>La reproduction totale ou partielle d\u2019un article, sans l\u2019autorisation \u00e9crite et pr\u00e9alable du <a href=\"https:\/\/www.lemonde.fr\">Monde<\/a>, est strictement interdite.<br>Pour plus d\u2019informations, consultez nos <a href=\"https:\/\/moncompte.lemonde.fr\/cgv\">conditions g\u00e9n\u00e9rales de vente<\/a>.<br>Pour toute demande d\u2019autorisation, contactez <a href=\"mailto:droitsdauteur@lemonde.fr\">droitsdauteur@lemonde.fr<\/a>.<br>En tant qu\u2019abonn\u00e9, vous pouvez offrir jusqu\u2019\u00e0 cinq articles par mois \u00e0 l\u2019un de vos proches gr\u00e2ce \u00e0 la fonctionnalit\u00e9 \u00ab Offrir un article \u00bb.<\/p>\n\n\n\n<figure class=\"wp-block-embed\"><div class=\"wp-block-embed__wrapper\">\nhttps:\/\/www.lemonde.fr\/politique\/article\/2022\/10\/25\/l-assemblee-nationale-rejette-le-projet-de-loi-de-programmation-budgetaire-2023-2027_6147297_823448.html?utm_term=Autofeed&#038;utm_medium=Social&#038;utm_source=Twitter#Echobox=1666721243\n<\/div><\/figure>\n\n\n\n<p>A droite, V\u00e9ronique Louwagie (Les R\u00e9publicains) a regrett\u00e9 \u00e0 l\u2019inverse une <em>\u00ab&nbsp;\u00e9ni\u00e8me occasion manqu\u00e9e&nbsp;\u00bb<\/em> de r\u00e9duire les d\u00e9penses. C\u00f4t\u00e9 Rassemblement national, Philippe Lottiaux voit dans ce texte une <em>\u00ab&nbsp;programmation factice&nbsp;\u00bb<\/em> pour <em>\u00ab&nbsp;complaire \u00e0 l\u2019Union europ\u00e9enne&nbsp;\u00bb<\/em>. Il avait d\u00e9j\u00e0 \u00e9t\u00e9 rejet\u00e9 en commission, puis \u00e9t\u00e9 d\u00e9tricot\u00e9 en s\u00e9ance, avec la suppression d\u2019une s\u00e9rie d\u2019articles, au grand dam du gouvernement.<\/p>\n\n\n\n<h2 class=\"wp-block-heading\">L\u2019article&nbsp;49.3 d\u00e9j\u00e0 d\u00e9clench\u00e9 deux fois<\/h2>\n\n\n\n<p>Pour tenter de convaincre l\u2019Assembl\u00e9e, Gabriel Attal avait affirm\u00e9 que le rejet du texte pourrait provoquer <em>\u00ab&nbsp;un retard, un d\u00e9lai voire une amputation des fonds europ\u00e9ens&nbsp;\u00bb<\/em> vers\u00e9s dans le plan de relance.<\/p>\n\n\n\n<p>Interrog\u00e9e, la Commission europ\u00e9enne n\u2019a pas sp\u00e9cifiquement confirm\u00e9 un tel risque, mais rappelle l\u2019attachement du Conseil europ\u00e9en \u00e0 <em>\u00ab&nbsp;la soutenabilit\u00e9 du taux d\u2019endettement de la France&nbsp;\u00bb<\/em>. Un habitu\u00e9 du budget, le d\u00e9put\u00e9 Charles de Courson (groupe LIOT), a, pour sa part, r\u00e9agi&nbsp;:<\/p>\n\n\n\n<p>\u00ab&nbsp;On n\u2019aura plus d\u2019aides europ\u00e9ennes&nbsp;? \u00c7a ne tient pas. Le rejet cet apr\u00e8s-midi met en difficult\u00e9 le gouvernement dans ses relations avec Bruxelles, \u00e7a c\u2019est vrai. Mais [le gouvernement pourra] toujours dire&nbsp;: \u00e0 coups de 49.3 on fera voter chaque ann\u00e9e un budget et une loi de financement de la S\u00e9curit\u00e9 sociale conformes \u00e0 ce qu\u2019on avait envisag\u00e9 de faire.&nbsp;<em>\u00bb<\/em><\/p>\n\n\n\n<p>Le gouvernement a d\u00e9j\u00e0 d\u00e9clench\u00e9 deux fois l\u2019article&nbsp;49.3 pour faire passer sans vote les volets recettes du budget de l\u2019Etat et de la <a href=\"https:\/\/www.lemonde.fr\/politique\/article\/2022\/10\/20\/l-article-49-3-utilise-par-le-gouvernement-pour-faire-passer-le-budget-de-la-securite-sociale-pour-2023_6146703_823448.html\">S\u00e9curit\u00e9 sociale<\/a>.<\/p>\n","protected":false},"excerpt":{"rendered":"<p>L\u2019Assembl\u00e9e nationale a rejet\u00e9, mardi 25&nbsp;octobre, le projet de loi de programmation budg\u00e9taire 2023-2027, un texte de pilotage qui pr\u00e9voit de ramener le d\u00e9ficit public sous les 3&nbsp;% de PIB en&nbsp;2027. Examin\u00e9 en premi\u00e8re lecture, le texte a \u00e9t\u00e9 repouss\u00e9 par 309&nbsp;voix contre 243, en raison d\u2019une coalition des oppositions. Ce revers \u00e9tait attendu, en [&hellip;]<\/p>\n","protected":false},"author":2,"featured_media":22710,"comment_status":"open","ping_status":"open","sticky":false,"template":"","format":"standard","meta":{"_jetpack_memberships_contains_paid_content":false,"footnotes":"","jetpack_publicize_message":"","jetpack_publicize_feature_enabled":true,"jetpack_social_post_already_shared":true,"jetpack_social_options":{"image_generator_settings":{"template":"highway","default_image_id":0,"font":"","enabled":false},"version":2},"_wpas_customize_per_network":false},"categories":[405],"tags":[],"class_list":["post-22709","post","type-post","status-publish","format-standard","has-post-thumbnail","hentry","category-actu-france-monde"],"jetpack_publicize_connections":[],"jetpack_featured_media_url":"https:\/\/i0.wp.com\/www.iceagetv.com\/radiosite\/wp-content\/uploads\/2022\/10\/LAssemblee-nationale-rejette-le-projet-de-loi-de-programmation-budgetaire-2023-2027.jpg?fit=680%2C340&ssl=1","jetpack_sharing_enabled":true,"_links":{"self":[{"href":"https:\/\/www.iceagetv.com\/radiosite\/wp-json\/wp\/v2\/posts\/22709","targetHints":{"allow":["GET"]}}],"collection":[{"href":"https:\/\/www.iceagetv.com\/radiosite\/wp-json\/wp\/v2\/posts"}],"about":[{"href":"https:\/\/www.iceagetv.com\/radiosite\/wp-json\/wp\/v2\/types\/post"}],"author":[{"embeddable":true,"href":"https:\/\/www.iceagetv.com\/radiosite\/wp-json\/wp\/v2\/users\/2"}],"replies":[{"embeddable":true,"href":"https:\/\/www.iceagetv.com\/radiosite\/wp-json\/wp\/v2\/comments?post=22709"}],"version-history":[{"count":1,"href":"https:\/\/www.iceagetv.com\/radiosite\/wp-json\/wp\/v2\/posts\/22709\/revisions"}],"predecessor-version":[{"id":22711,"href":"https:\/\/www.iceagetv.com\/radiosite\/wp-json\/wp\/v2\/posts\/22709\/revisions\/22711"}],"wp:featuredmedia":[{"embeddable":true,"href":"https:\/\/www.iceagetv.com\/radiosite\/wp-json\/wp\/v2\/media\/22710"}],"wp:attachment":[{"href":"https:\/\/www.iceagetv.com\/radiosite\/wp-json\/wp\/v2\/media?parent=22709"}],"wp:term":[{"taxonomy":"category","embeddable":true,"href":"https:\/\/www.iceagetv.com\/radiosite\/wp-json\/wp\/v2\/categories?post=22709"},{"taxonomy":"post_tag","embeddable":true,"href":"https:\/\/www.iceagetv.com\/radiosite\/wp-json\/wp\/v2\/tags?post=22709"}],"curies":[{"name":"wp","href":"https:\/\/api.w.org\/{rel}","templated":true}]}}