{"id":22721,"date":"2022-10-27T13:20:56","date_gmt":"2022-10-27T13:20:56","guid":{"rendered":"https:\/\/www.iceagetv.com\/radiosite\/?p=22721"},"modified":"2022-10-27T13:21:08","modified_gmt":"2022-10-27T13:21:08","slug":"le-liban-et-israel-signent-laccord-delimitant-leur-frontiere-maritime-negocie-par-les-etats-unis","status":"publish","type":"post","link":"https:\/\/www.iceagetv.com\/radiosite\/le-liban-et-israel-signent-laccord-delimitant-leur-frontiere-maritime-negocie-par-les-etats-unis\/","title":{"rendered":"Le Liban et Isra\u00ebl signent l&rsquo;accord d\u00e9limitant leur fronti\u00e8re maritime, n\u00e9goci\u00e9 par les Etats-Unis"},"content":{"rendered":"\n<p>Menu principal<\/p>\n\n\n\n<p><a href=\"https:\/\/www.francetvinfo.fr\/\">franceinfo<\/a><\/p>\n\n\n\n<p><a href=\"https:\/\/www.francetvinfo.fr\/en-direct\/tv.html\">TV<\/a><\/p>\n\n\n\n<p><a href=\"https:\/\/www.francetvinfo.fr\/en-direct\/radio.html\">RADIO<\/a><\/p>\n\n\n\n<p><a href=\"https:\/\/www.francetvinfo.fr\/en-direct\/\">LE LIVE<\/a><\/p>\n\n\n\n<h1 class=\"wp-block-heading\"><strong>Le Liban et Isra\u00ebl signent l&rsquo;accord d\u00e9limitant leur fronti\u00e8re maritime, n\u00e9goci\u00e9 par les Etats-Unis<\/strong><\/h1>\n\n\n\n<p>Par cette signature, Beyrouth reconna\u00eet l&rsquo;Etat&nbsp;h\u00e9breu \u00ab\u00a0devant l&rsquo;ensemble de la communaut\u00e9 internationale\u00a0\u00bb,&nbsp;selon le Premier ministre isra\u00e9lien.&nbsp;Article r\u00e9dig\u00e9 par<\/p>\n\n\n\n<figure class=\"wp-block-image\"><img data-recalc-dims=\"1\" decoding=\"async\" src=\"https:\/\/i0.wp.com\/www.francetvinfo.fr\/assets\/components\/contents\/content-signature\/img\/placeholder-36b69ec8.png?w=1170&#038;ssl=1\" alt=\"\"\/><\/figure>\n\n\n\n<p><a href=\"https:\/\/www.francetvinfo.fr\/redaction\/francetv-info-avec-afp\/\">franceinfo avec AFP<\/a><\/p>\n\n\n\n<p>France T\u00e9l\u00e9visions<\/p>\n\n\n\n<p>Publi\u00e9&nbsp;le 27\/10\/2022 14:03Mis \u00e0 jour&nbsp;il y a 31 minutes<\/p>\n\n\n\n<p>&nbsp;Temps de lecture :&nbsp;<strong>1 min.<\/strong><\/p>\n\n\n\n<figure class=\"wp-block-image\"><img data-recalc-dims=\"1\" decoding=\"async\" src=\"https:\/\/i0.wp.com\/www.francetvinfo.fr\/pictures\/TJWI49Zeoz4kALpdVUJszr5ipkY\/752x423\/2022\/10\/27\/phpOcxfzD.jpg?w=1170&#038;ssl=1\" alt=\"Le Premier ministre isra\u00e9lien Ya\u00efr Lapid signant l'accord maritime entre le Liban et l'Etat h\u00e9breu, le 27 octobre 2022 \u00e0 J\u00e9rusalem (Isra\u00ebl).&nbsp; (ISRAELI GOVT PRESS OFFICE (GPO) \/ ANADOLU AGENCY \/ AFP)\"\/><figcaption>Le Premier ministre isra\u00e9lien Ya\u00efr Lapid signant l&rsquo;accord maritime entre le Liban et l&rsquo;Etat h\u00e9breu, le 27 octobre 2022 \u00e0 J\u00e9rusalem (Isra\u00ebl).&nbsp;&nbsp;(ISRAELI GOVT PRESS OFFICE (GPO) \/ ANADOLU AGENCY \/ AFP)<\/figcaption><\/figure>\n\n\n\n<p>Un accord historique. Le gouvernement isra\u00e9lien a approuv\u00e9, jeudi 27&nbsp;octobre, l&rsquo;accord frontalier avec le Liban, qui constitue une<em>&nbsp;\u00ab\u00a0reconnaissance\u00a0\u00bb<\/em>&nbsp;de fait de l&rsquo;Etat h\u00e9breu par Beyrouth, selon le Premier ministre isra\u00e9lien Ya\u00efr Lapid.&nbsp;<em>\u00ab\u00a0Il s&rsquo;agit d&rsquo;un accomplissement politique, ce n&rsquo;est pas tous les jours qu&rsquo;un Etat ennemi reconna\u00eet l&rsquo;Etat d&rsquo;Isra\u00ebl dans un accord \u00e9crit et ce, devant l&rsquo;ensemble de la communaut\u00e9 internationale\u00a0\u00bb<\/em>, a-t-il d\u00e9clar\u00e9 lors d&rsquo;un Conseil des ministres.<\/p>\n\n\n\n<p>Mais l&rsquo;accord est purement&nbsp;<em>\u00ab\u00a0technique\u00a0\u00bb<\/em>&nbsp;et ne comporte aucune<em>&nbsp;\u00ab\u00a0dimension politique\u00a0\u00bb<\/em>, a r\u00e9torqu\u00e9 le pr\u00e9sident libanais Michel Aoun sur Twitter, le Liban et Isra\u00ebl \u00e9tant&nbsp;<a href=\"https:\/\/www.francetvinfo.fr\/monde\/proche-orient\/liban\/au-sud-du-liban-la-tension-grimpe-entre-le-hezbollah-et-israel_4729775.html\">en \u00e9tat de guerre<\/a>&nbsp;depuis la cr\u00e9ation de l&rsquo;Etat h\u00e9breu en 1948. Les deux pays ne disposent d&rsquo;aucun accord sur leur&nbsp;<a href=\"https:\/\/www.francetvinfo.fr\/monde\/proche-orient\/liban\/le-liban-va-negocier-avec-israel-au-sujet-de-frontieres-disputees_4125131.html\">fronti\u00e8re terrestre<\/a>. L&rsquo;ONU a dessin\u00e9 apr\u00e8s le retrait des troupes isra\u00e9liennes du Liban en 2000 une \u00ab\u00a0ligne bleue\u00a0\u00bb faisant office de fronti\u00e8re, mais dont le trac\u00e9 fait l&rsquo;objet de divergences.<\/p>\n\n\n\n<h2 class=\"wp-block-heading\">Partage d&rsquo;un&nbsp;champ gazier offshore entre les deux Etats<\/h2>\n\n\n\n<p>En vertu de l&rsquo;accord n\u00e9goci\u00e9 par les Etats-Unis avec l&rsquo;appui de la France, le champ gazier offshore de Karish se situe enti\u00e8rement dans les eaux isra\u00e9liennes en M\u00e9diterran\u00e9e orientale. Le Liban, pour sa part, aura tous les droits d&rsquo;exploration et d&rsquo;exploitation du champ de Cana, situ\u00e9 plus au nord-est, dont une partie dans les eaux territoriales d&rsquo;Isra\u00ebl. Mais&nbsp;<em>\u00ab\u00a0Isra\u00ebl sera r\u00e9mun\u00e9r\u00e9\u00a0\u00bb<\/em>&nbsp;par la firme exploitant Cana&nbsp;<em>\u00ab\u00a0pour ses droits sur d&rsquo;\u00e9ventuels gisements\u00a0\u00bb<\/em>, selon le texte.<\/p>\n\n\n\n<p>Le chef de l&rsquo;opposition isra\u00e9lienne,&nbsp;Benyamin N\u00e9tanyahou, en campagne contre&nbsp;Ya\u00efr&nbsp;Lapid pour les l\u00e9gislatives du 1er&nbsp;novembre, avait fustig\u00e9 l&rsquo;accord sur la fronti\u00e8re maritime avec le Liban et affirm\u00e9 qu&rsquo;il devait faire l&rsquo;objet d&rsquo;un vote du Parlement, voire d&rsquo;un r\u00e9f\u00e9rendum.<\/p>\n\n\n\n<p>Dans la foul\u00e9e, diff\u00e9rentes organisations de droite avaient d\u00e9pos\u00e9 quatre recours \u00e0 la Cour supr\u00eame contre l&rsquo;accord, en soutenant notamment qu&rsquo;il devait recevoir l&rsquo;appui du Parlement \u00e0 l&rsquo;heure o\u00f9 le gouvernement de Ya\u00efr Lapid a perdu sa majorit\u00e9, ce qui a d&rsquo;ailleurs catalys\u00e9 la tenue des \u00e9lections. Mais dimanche, le plus haut tribunal en Isra\u00ebl a rejet\u00e9 ces appels, signifiant ainsi que l&rsquo;accord n&rsquo;avait besoin que du feu vert du gouvernement.<\/p>\n","protected":false},"excerpt":{"rendered":"<p>Menu principal franceinfo TV RADIO LE LIVE Le Liban et Isra\u00ebl signent l&rsquo;accord d\u00e9limitant leur fronti\u00e8re maritime, n\u00e9goci\u00e9 par les Etats-Unis Par cette signature, Beyrouth reconna\u00eet l&rsquo;Etat&nbsp;h\u00e9breu \u00ab\u00a0devant l&rsquo;ensemble de la communaut\u00e9 internationale\u00a0\u00bb,&nbsp;selon le Premier ministre isra\u00e9lien.&nbsp;Article r\u00e9dig\u00e9 par franceinfo avec AFP France T\u00e9l\u00e9visions Publi\u00e9&nbsp;le 27\/10\/2022 14:03Mis \u00e0 jour&nbsp;il y a 31 minutes &nbsp;Temps de [&hellip;]<\/p>\n","protected":false},"author":2,"featured_media":22722,"comment_status":"open","ping_status":"open","sticky":false,"template":"","format":"standard","meta":{"_jetpack_memberships_contains_paid_content":false,"footnotes":"","jetpack_publicize_message":"","jetpack_publicize_feature_enabled":true,"jetpack_social_post_already_shared":true,"jetpack_social_options":{"image_generator_settings":{"template":"highway","default_image_id":0,"font":"","enabled":false},"version":2},"_wpas_customize_per_network":false},"categories":[405],"tags":[],"class_list":["post-22721","post","type-post","status-publish","format-standard","has-post-thumbnail","hentry","category-actu-france-monde"],"jetpack_publicize_connections":[],"jetpack_featured_media_url":"https:\/\/i0.wp.com\/www.iceagetv.com\/radiosite\/wp-content\/uploads\/2022\/10\/phpOcxfzD.webp?fit=944%2C531&ssl=1","jetpack_sharing_enabled":true,"_links":{"self":[{"href":"https:\/\/www.iceagetv.com\/radiosite\/wp-json\/wp\/v2\/posts\/22721","targetHints":{"allow":["GET"]}}],"collection":[{"href":"https:\/\/www.iceagetv.com\/radiosite\/wp-json\/wp\/v2\/posts"}],"about":[{"href":"https:\/\/www.iceagetv.com\/radiosite\/wp-json\/wp\/v2\/types\/post"}],"author":[{"embeddable":true,"href":"https:\/\/www.iceagetv.com\/radiosite\/wp-json\/wp\/v2\/users\/2"}],"replies":[{"embeddable":true,"href":"https:\/\/www.iceagetv.com\/radiosite\/wp-json\/wp\/v2\/comments?post=22721"}],"version-history":[{"count":1,"href":"https:\/\/www.iceagetv.com\/radiosite\/wp-json\/wp\/v2\/posts\/22721\/revisions"}],"predecessor-version":[{"id":22723,"href":"https:\/\/www.iceagetv.com\/radiosite\/wp-json\/wp\/v2\/posts\/22721\/revisions\/22723"}],"wp:featuredmedia":[{"embeddable":true,"href":"https:\/\/www.iceagetv.com\/radiosite\/wp-json\/wp\/v2\/media\/22722"}],"wp:attachment":[{"href":"https:\/\/www.iceagetv.com\/radiosite\/wp-json\/wp\/v2\/media?parent=22721"}],"wp:term":[{"taxonomy":"category","embeddable":true,"href":"https:\/\/www.iceagetv.com\/radiosite\/wp-json\/wp\/v2\/categories?post=22721"},{"taxonomy":"post_tag","embeddable":true,"href":"https:\/\/www.iceagetv.com\/radiosite\/wp-json\/wp\/v2\/tags?post=22721"}],"curies":[{"name":"wp","href":"https:\/\/api.w.org\/{rel}","templated":true}]}}