{"id":22733,"date":"2022-10-28T07:36:27","date_gmt":"2022-10-28T07:36:27","guid":{"rendered":"https:\/\/www.iceagetv.com\/radiosite\/?p=22733"},"modified":"2022-10-28T07:36:27","modified_gmt":"2022-10-28T07:36:27","slug":"linflation-accelere-en-octobre-a-62-sur-un-an-selon-linsee","status":"publish","type":"post","link":"https:\/\/www.iceagetv.com\/radiosite\/linflation-accelere-en-octobre-a-62-sur-un-an-selon-linsee\/","title":{"rendered":"L&rsquo;inflation acc\u00e9l\u00e8re en octobre \u00e0 6,2% sur un an, selon l&rsquo;Insee"},"content":{"rendered":"\n<p>La hausse des prix \u00e0 la consommation en France a de nouveau acc\u00e9l\u00e9r\u00e9 en octobre, \u00e0 6,2% sur un an, apr\u00e8s deux mois de ralentissement,&nbsp;<a href=\"https:\/\/www.insee.fr\/fr\/statistiques\/6653898\" target=\"_blank\" rel=\"noreferrer noopener\">selon les donn\u00e9es provisoires publi\u00e9es par l&rsquo;Insee<\/a>, vendredi 28&nbsp;octobre. Cette hausse de l&rsquo;inflation serait due \u00e0 l&rsquo;acc\u00e9l\u00e9ration de la progression des prix de l&rsquo;\u00e9nergie, de l&rsquo;alimentation et des produits manufactur\u00e9s, pr\u00e9cise l&rsquo;Institut national de la statistique et des \u00e9tudes \u00e9conomiques.&nbsp;Sur un mois, les prix \u00e0 la consommation augmenteraient de 1,0%, apr\u00e8s -0,6% en septembre, pr\u00e9cise l&rsquo;Institut.<\/p>\n\n\n\n<p>Emmanuel Macron a estim\u00e9, mercredi, dans \u00ab\u00a0L&rsquo;Ev\u00e9nement\u00a0\u00bb, sur France 2, l&rsquo;inflation&nbsp;<em>\u00ab\u00a0est en train de se diffuser, mais nous l&rsquo;avons mieux ma\u00eetris\u00e9e que nombre de nos voisins\u00a0\u00bb<\/em>. Pour&nbsp;le pr\u00e9sident de la R\u00e9publique,&nbsp;<em>\u00ab\u00a0on traverse aujourd&rsquo;hui une inflation qui est la cons\u00e9quence de notre d\u00e9pendance\u00a0\u00bb<\/em>.&nbsp;<\/p>\n\n\n\n<p>Le chef de l&rsquo;Etat&nbsp;pr\u00e9sident de la R\u00e9publique a balay\u00e9 l&rsquo;hypoth\u00e8se d&rsquo;une&nbsp;<a href=\"https:\/\/www.francetvinfo.fr\/economie\/inflation\/quatre-questions-sur-l-indexation-des-salaires-sur-l-inflation-reclamee-par-la-cgt-et-ecartee-par-legouvernement_5442757.html\">r\u00e9ind\u00e9xation des salaires sur l&rsquo;inflation<\/a>.&nbsp;\u00ab\u00a0Si on veut cr\u00e9er des emplois pour que les Fran\u00e7ais qui travaillent vivent dignement, la solution n&rsquo;est pas de r\u00e9indexer les salaires sur l&rsquo;inflation\u00a0\u00bb, a-t-il d\u00e9clar\u00e9.&nbsp;<em>\u00ab\u00a0Les augmentations de salaires, ce n&rsquo;est pas l&rsquo;Etat qui les d\u00e9cide\u00a0\u00bb<\/em>, a-t-il ajout\u00e9. Le chef de l&rsquo;Etat assure pr\u00e9f\u00e8rer l&rsquo;utilisation des primes mais juge&nbsp;<em>\u00ab\u00a0l\u00e9gitime\u00a0\u00bb<\/em>&nbsp;le d\u00e9bat sur les hausses des salaires.<\/p>\n","protected":false},"excerpt":{"rendered":"<p>La hausse des prix \u00e0 la consommation en France a de nouveau acc\u00e9l\u00e9r\u00e9 en octobre, \u00e0 6,2% sur un an, apr\u00e8s deux mois de ralentissement,&nbsp;selon les donn\u00e9es provisoires publi\u00e9es par l&rsquo;Insee, vendredi 28&nbsp;octobre. Cette hausse de l&rsquo;inflation serait due \u00e0 l&rsquo;acc\u00e9l\u00e9ration de la progression des prix de l&rsquo;\u00e9nergie, de l&rsquo;alimentation et des produits manufactur\u00e9s, pr\u00e9cise [&hellip;]<\/p>\n","protected":false},"author":2,"featured_media":22734,"comment_status":"open","ping_status":"open","sticky":false,"template":"","format":"standard","meta":{"_jetpack_memberships_contains_paid_content":false,"footnotes":"","jetpack_publicize_message":"","jetpack_publicize_feature_enabled":true,"jetpack_social_post_already_shared":true,"jetpack_social_options":{"image_generator_settings":{"template":"highway","default_image_id":0,"font":"","enabled":false},"version":2},"_wpas_customize_per_network":false},"categories":[405],"tags":[],"class_list":["post-22733","post","type-post","status-publish","format-standard","has-post-thumbnail","hentry","category-actu-france-monde"],"jetpack_publicize_connections":[],"jetpack_featured_media_url":"https:\/\/i0.wp.com\/www.iceagetv.com\/radiosite\/wp-content\/uploads\/2022\/10\/Screenshot_20221028_093608.jpg?fit=1080%2C551&ssl=1","jetpack_sharing_enabled":true,"_links":{"self":[{"href":"https:\/\/www.iceagetv.com\/radiosite\/wp-json\/wp\/v2\/posts\/22733","targetHints":{"allow":["GET"]}}],"collection":[{"href":"https:\/\/www.iceagetv.com\/radiosite\/wp-json\/wp\/v2\/posts"}],"about":[{"href":"https:\/\/www.iceagetv.com\/radiosite\/wp-json\/wp\/v2\/types\/post"}],"author":[{"embeddable":true,"href":"https:\/\/www.iceagetv.com\/radiosite\/wp-json\/wp\/v2\/users\/2"}],"replies":[{"embeddable":true,"href":"https:\/\/www.iceagetv.com\/radiosite\/wp-json\/wp\/v2\/comments?post=22733"}],"version-history":[{"count":1,"href":"https:\/\/www.iceagetv.com\/radiosite\/wp-json\/wp\/v2\/posts\/22733\/revisions"}],"predecessor-version":[{"id":22735,"href":"https:\/\/www.iceagetv.com\/radiosite\/wp-json\/wp\/v2\/posts\/22733\/revisions\/22735"}],"wp:featuredmedia":[{"embeddable":true,"href":"https:\/\/www.iceagetv.com\/radiosite\/wp-json\/wp\/v2\/media\/22734"}],"wp:attachment":[{"href":"https:\/\/www.iceagetv.com\/radiosite\/wp-json\/wp\/v2\/media?parent=22733"}],"wp:term":[{"taxonomy":"category","embeddable":true,"href":"https:\/\/www.iceagetv.com\/radiosite\/wp-json\/wp\/v2\/categories?post=22733"},{"taxonomy":"post_tag","embeddable":true,"href":"https:\/\/www.iceagetv.com\/radiosite\/wp-json\/wp\/v2\/tags?post=22733"}],"curies":[{"name":"wp","href":"https:\/\/api.w.org\/{rel}","templated":true}]}}