{"id":22747,"date":"2022-10-31T05:14:44","date_gmt":"2022-10-31T05:14:44","guid":{"rendered":"https:\/\/www.iceagetv.com\/radiosite\/?p=22747"},"modified":"2022-10-31T05:14:44","modified_gmt":"2022-10-31T05:14:44","slug":"lelection-de-lula-ouvre-une-nouvelle-page-de-lhistoire-du-bresil-pour-emmanuel-macron","status":"publish","type":"post","link":"https:\/\/www.iceagetv.com\/radiosite\/lelection-de-lula-ouvre-une-nouvelle-page-de-lhistoire-du-bresil-pour-emmanuel-macron\/","title":{"rendered":"L&rsquo;\u00e9lection de Lula \u00ab\u00a0ouvre une nouvelle page de l&rsquo;histoire du Br\u00e9sil\u00a0\u00bb pour Emmanuel Macron"},"content":{"rendered":"\n<p><strong>JAIR BOLSONARO EST PARTI DORMIR ET NE R\u00c9AGIRA PAS CE SOIR&nbsp;<\/strong><\/p>\n\n\n\n<p>Bolsonaro n&rsquo;a toujours pas reconnu sa d\u00e9faite et ne compte pas le faire ce soir. Le pr\u00e9sident sortant d&rsquo;extr\u00eame droite n&rsquo;a pas fait la moindre d\u00e9claration apr\u00e8s l&rsquo;annonce, ce dimanche 30 octobre, de la victoire de son opposant de gauche Lula.&nbsp;<\/p>\n\n\n\n<p>Selon la presse br\u00e9silienne, le pr\u00e9sident d\u00e9fait s&rsquo;est isol\u00e9 pendant de longues heures et a d&rsquo;abord refus\u00e9 d&rsquo;\u00e9changer avec qui que ce soit. \u00a0Le pr\u00e9sident d\u00e9chu \u00a0ne devrait pas prendre la parole ce soir, selon plusieurs m\u00e9dias br\u00e9siliens dont Folha. Le perdant de cette \u00e9lection serait \u00ab\u00a0parti dormir\u00a0\u00bb et ne se prononcera donc pas sur les r\u00e9sultats.<\/p>\n\n\n\n<p><strong>LE PR\u00c9SIDENT V\u00c9N\u00c9ZU\u00c9LIEN F\u00c9LICITE \u00c0 SON TOUR LULA<\/strong><\/p>\n\n\n\n<p>Le pr\u00e9sident v\u00e9n\u00e9zu\u00e9lien Nicol\u00e1s Maduro salue \u00e9galement la victoire de Lula sur son compte Twitter. \u00ab\u00a0Que vivent les peuples d\u00e9cid\u00e9s \u00e0 \u00eatre libres, souverains et ind\u00e9pendants ! Aujourd&rsquo;hui, au Br\u00e9sil, la d\u00e9mocratie a triomph\u00e9. F\u00e9licitations Lula !\u00a0\u00bb, a-t-il \u00e9crit sur le r\u00e9seau social.\u00a0<\/p>\n\n\n\n<p><strong>LULA DECLARE QUE LE BRESIL A BESOIN DE \u00ab\u00a0PAIX ET D&rsquo;UNITE\u00a0\u00bb<\/strong><\/p>\n\n\n\n<p>Dans son premier discours faisant suite aux r\u00e9sultats de l&rsquo;\u00e9lection, le pr\u00e9sident-\u00e9lu Lula affirme que&nbsp;<em>\u00ab\u00a0le Br\u00e9sil a besoin de paix et d&rsquo;unit\u00e9\u00a0\u00bb<\/em>. Il ajoute que son pays&nbsp;<em>\u00ab\u00a0est de retour\u00a0\u00bb&nbsp;<\/em>et ne sera plus&nbsp;<em>\u00ab\u00a0un paria<\/em><\/p>\n","protected":false},"excerpt":{"rendered":"<p>JAIR BOLSONARO EST PARTI DORMIR ET NE R\u00c9AGIRA PAS CE SOIR&nbsp; Bolsonaro n&rsquo;a toujours pas reconnu sa d\u00e9faite et ne compte pas le faire ce soir. Le pr\u00e9sident sortant d&rsquo;extr\u00eame droite n&rsquo;a pas fait la moindre d\u00e9claration apr\u00e8s l&rsquo;annonce, ce dimanche 30 octobre, de la victoire de son opposant de gauche Lula.&nbsp; Selon la presse [&hellip;]<\/p>\n","protected":false},"author":2,"featured_media":22748,"comment_status":"open","ping_status":"open","sticky":false,"template":"","format":"standard","meta":{"_jetpack_memberships_contains_paid_content":false,"footnotes":"","jetpack_publicize_message":"","jetpack_publicize_feature_enabled":true,"jetpack_social_post_already_shared":true,"jetpack_social_options":{"image_generator_settings":{"template":"highway","default_image_id":0,"font":"","enabled":false},"version":2},"_wpas_customize_per_network":false},"categories":[405],"tags":[],"class_list":["post-22747","post","type-post","status-publish","format-standard","has-post-thumbnail","hentry","category-actu-france-monde"],"jetpack_publicize_connections":[],"jetpack_featured_media_url":"https:\/\/i0.wp.com\/www.iceagetv.com\/radiosite\/wp-content\/uploads\/2022\/10\/Screenshot_20221031_061419.jpg?fit=951%2C566&ssl=1","jetpack_sharing_enabled":true,"_links":{"self":[{"href":"https:\/\/www.iceagetv.com\/radiosite\/wp-json\/wp\/v2\/posts\/22747","targetHints":{"allow":["GET"]}}],"collection":[{"href":"https:\/\/www.iceagetv.com\/radiosite\/wp-json\/wp\/v2\/posts"}],"about":[{"href":"https:\/\/www.iceagetv.com\/radiosite\/wp-json\/wp\/v2\/types\/post"}],"author":[{"embeddable":true,"href":"https:\/\/www.iceagetv.com\/radiosite\/wp-json\/wp\/v2\/users\/2"}],"replies":[{"embeddable":true,"href":"https:\/\/www.iceagetv.com\/radiosite\/wp-json\/wp\/v2\/comments?post=22747"}],"version-history":[{"count":1,"href":"https:\/\/www.iceagetv.com\/radiosite\/wp-json\/wp\/v2\/posts\/22747\/revisions"}],"predecessor-version":[{"id":22749,"href":"https:\/\/www.iceagetv.com\/radiosite\/wp-json\/wp\/v2\/posts\/22747\/revisions\/22749"}],"wp:featuredmedia":[{"embeddable":true,"href":"https:\/\/www.iceagetv.com\/radiosite\/wp-json\/wp\/v2\/media\/22748"}],"wp:attachment":[{"href":"https:\/\/www.iceagetv.com\/radiosite\/wp-json\/wp\/v2\/media?parent=22747"}],"wp:term":[{"taxonomy":"category","embeddable":true,"href":"https:\/\/www.iceagetv.com\/radiosite\/wp-json\/wp\/v2\/categories?post=22747"},{"taxonomy":"post_tag","embeddable":true,"href":"https:\/\/www.iceagetv.com\/radiosite\/wp-json\/wp\/v2\/tags?post=22747"}],"curies":[{"name":"wp","href":"https:\/\/api.w.org\/{rel}","templated":true}]}}