{"id":22783,"date":"2022-11-02T19:05:05","date_gmt":"2022-11-02T19:05:05","guid":{"rendered":"https:\/\/www.iceagetv.com\/radiosite\/?p=22783"},"modified":"2022-11-02T19:05:05","modified_gmt":"2022-11-02T19:05:05","slug":"pays-bas-prison-ferme-pour-setre-colles-au-tableau-de-vermeer","status":"publish","type":"post","link":"https:\/\/www.iceagetv.com\/radiosite\/pays-bas-prison-ferme-pour-setre-colles-au-tableau-de-vermeer\/","title":{"rendered":"Pays-Bas : prison ferme pour s&rsquo;\u00eatre coll\u00e9s au tableau de Vermeer"},"content":{"rendered":"\n<p>&nbsp;N&rsquo;importe qui peut imaginer la fragilit\u00e9 d&rsquo;un tel tableau et le fait qu&rsquo;il aurait pu \u00eatre perdu si \u00e7a avait mal tourn\u00e9&nbsp;\u00bb, a point\u00e9 un juge en charge de l&rsquo;affaire,&nbsp;cit\u00e9 par l&rsquo;agence de presse n\u00e9erlandaise, l&rsquo;ANP. Deux hommes de nationalit\u00e9 belge qui s&rsquo;\u00e9taient coll\u00e9s&nbsp;\u00e0 la vitre de l&rsquo;oeuvre&nbsp;<em>La Jeune FIlle et la perle<\/em>, tableau de Johannes Vermeer expos\u00e9 au mus\u00e9e Mauritshuis de La Haye (<a href=\"https:\/\/www.lepoint.fr\/tags\/pays-bas\">Pays-Bas<\/a>), ont \u00e9t\u00e9 condamn\u00e9s \u00e0 deux mois de prison, dont un avec sursis, rapportent les m\u00e9dias n\u00e9erlandais.<\/p>\n\n\n\n<p>Trois hommes de nationalit\u00e9 belge, deux de&nbsp;45&nbsp;ans et un de 42,&nbsp;<a href=\"https:\/\/www.lepoint.fr\/culture\/tableaux-asperges-par-des-activistes-la-securite-en-question-27-10-2022-2495523_3.php\">s&rsquo;\u00e9taient coll\u00e9s la semaine derni\u00e8re avec de la colle forte&nbsp;<\/a>sur la vitre prot\u00e9geant l&rsquo;oeuvre de 1665, au mus\u00e9e Mauritshuis de La Haye (Ouest), dans la foul\u00e9e d&rsquo;autres actes de vandalisme commis ailleurs en&nbsp;<a href=\"https:\/\/www.lepoint.fr\/tags\/europe\">Europe<\/a>. Aucun dommage n&rsquo;a \u00e9t\u00e9 d\u00e9couvert sur le tableau, a indiqu\u00e9 le mus\u00e9e. Mais le tribunal de La Haye a reconnu que le cadre et la plaque arri\u00e8re ont \u00e9t\u00e9 ab\u00eem\u00e9s et jug\u00e9 l&rsquo;acte \u00ab&nbsp;choquant&nbsp;\u00bb&nbsp;pour de nombreuses personnes, a rapport\u00e9 l&rsquo;ANP.<\/p>\n\n\n\n<h2 class=\"wp-block-heading\">D&rsquo;autres actions similaires en Europe<\/h2>\n\n\n\n<p>Le minist\u00e8re public avait requis quatre mois de prison, dont deux avec sursis, contre le suspect Wouter M. pour avoir coll\u00e9 sa t\u00eate sur la vitre. Il a affirm\u00e9 avoir soigneusement enqu\u00eat\u00e9 sur les dangers de son acte, selon l&rsquo;ANP. Les procureurs avaient \u00e9galement requis quatre mois, dont deux avec sursis, contre le deuxi\u00e8me suspect, Pieter G., qui a film\u00e9 l&rsquo;action. Il se d\u00e9fend d&rsquo;avoir \u00e9t\u00e9 au courant des images qu&rsquo;il allait prendre, a rapport\u00e9 l&rsquo;ANP.<\/p>\n\n\n\n<p>Le troisi\u00e8me militant, qui a vid\u00e9 une bo\u00eete de conserve qui semblait contenir de la sauce tomate, sera jug\u00e9 vendredi, selon l&rsquo;ANP. Cette action aux Pays-Bas est survenue dans la foul\u00e9e d&rsquo;autres actes de vandalisme ces derni\u00e8res semaines.<\/p>\n\n\n\n<p><\/p>\n\n\n\n<p>Des militants \u00e9cologistes ont ainsi jet\u00e9 de la soupe de tomate sur la plaque de verre prot\u00e9geant les&nbsp;<em>Tournesols<\/em>&nbsp;de&nbsp;<a href=\"https:\/\/www.lepoint.fr\/tags\/vincent-van-gogh\">Van Gogh<\/a>&nbsp;\u00e0 la National Gallery de Londres et d&rsquo;autres ont enduit de pur\u00e9e de pommes de terre la vitre prot\u00e9geant&nbsp;<em>Les Meules<\/em>, un tableau de&nbsp;<a href=\"https:\/\/www.lepoint.fr\/tags\/claude-monet\">Claude Monet<\/a>, en&nbsp;<a href=\"https:\/\/www.lepoint.fr\/tags\/allemagne\">Allemagne<\/a>.<\/p>\n\n\n\n<p><\/p>\n\n\n\n<p>Portraits d\u2019avocats et de magistrats, comptes-rendus d\u2019audience, \u00e9volution du droit, affaires en cours\u2026 Recevez toutes les deux semaines la newsletter Justice et Avocats, enrichie du palmar\u00e8s des avocats <\/p>\n","protected":false},"excerpt":{"rendered":"<p>&nbsp;N&rsquo;importe qui peut imaginer la fragilit\u00e9 d&rsquo;un tel tableau et le fait qu&rsquo;il aurait pu \u00eatre perdu si \u00e7a avait mal tourn\u00e9&nbsp;\u00bb, a point\u00e9 un juge en charge de l&rsquo;affaire,&nbsp;cit\u00e9 par l&rsquo;agence de presse n\u00e9erlandaise, l&rsquo;ANP. Deux hommes de nationalit\u00e9 belge qui s&rsquo;\u00e9taient coll\u00e9s&nbsp;\u00e0 la vitre de l&rsquo;oeuvre&nbsp;La Jeune FIlle et la perle, tableau de [&hellip;]<\/p>\n","protected":false},"author":2,"featured_media":22784,"comment_status":"open","ping_status":"open","sticky":false,"template":"","format":"standard","meta":{"_jetpack_memberships_contains_paid_content":false,"footnotes":"","jetpack_publicize_message":"","jetpack_publicize_feature_enabled":true,"jetpack_social_post_already_shared":true,"jetpack_social_options":{"image_generator_settings":{"template":"highway","default_image_id":0,"font":"","enabled":false},"version":2},"_wpas_customize_per_network":false},"categories":[405],"tags":[],"class_list":["post-22783","post","type-post","status-publish","format-standard","has-post-thumbnail","hentry","category-actu-france-monde"],"jetpack_publicize_connections":[],"jetpack_featured_media_url":"https:\/\/i0.wp.com\/www.iceagetv.com\/radiosite\/wp-content\/uploads\/2022\/11\/Screenshot_20221102_200230.jpg?fit=1080%2C342&ssl=1","jetpack_sharing_enabled":true,"_links":{"self":[{"href":"https:\/\/www.iceagetv.com\/radiosite\/wp-json\/wp\/v2\/posts\/22783","targetHints":{"allow":["GET"]}}],"collection":[{"href":"https:\/\/www.iceagetv.com\/radiosite\/wp-json\/wp\/v2\/posts"}],"about":[{"href":"https:\/\/www.iceagetv.com\/radiosite\/wp-json\/wp\/v2\/types\/post"}],"author":[{"embeddable":true,"href":"https:\/\/www.iceagetv.com\/radiosite\/wp-json\/wp\/v2\/users\/2"}],"replies":[{"embeddable":true,"href":"https:\/\/www.iceagetv.com\/radiosite\/wp-json\/wp\/v2\/comments?post=22783"}],"version-history":[{"count":1,"href":"https:\/\/www.iceagetv.com\/radiosite\/wp-json\/wp\/v2\/posts\/22783\/revisions"}],"predecessor-version":[{"id":22785,"href":"https:\/\/www.iceagetv.com\/radiosite\/wp-json\/wp\/v2\/posts\/22783\/revisions\/22785"}],"wp:featuredmedia":[{"embeddable":true,"href":"https:\/\/www.iceagetv.com\/radiosite\/wp-json\/wp\/v2\/media\/22784"}],"wp:attachment":[{"href":"https:\/\/www.iceagetv.com\/radiosite\/wp-json\/wp\/v2\/media?parent=22783"}],"wp:term":[{"taxonomy":"category","embeddable":true,"href":"https:\/\/www.iceagetv.com\/radiosite\/wp-json\/wp\/v2\/categories?post=22783"},{"taxonomy":"post_tag","embeddable":true,"href":"https:\/\/www.iceagetv.com\/radiosite\/wp-json\/wp\/v2\/tags?post=22783"}],"curies":[{"name":"wp","href":"https:\/\/api.w.org\/{rel}","templated":true}]}}