{"id":22836,"date":"2022-11-06T05:53:29","date_gmt":"2022-11-06T05:53:29","guid":{"rendered":"https:\/\/www.iceagetv.com\/radiosite\/?p=22836"},"modified":"2022-11-06T05:53:29","modified_gmt":"2022-11-06T05:53:29","slug":"crise-energetique-ces-stations-de-ski-vont-reduire-leurs-services","status":"publish","type":"post","link":"https:\/\/www.iceagetv.com\/radiosite\/crise-energetique-ces-stations-de-ski-vont-reduire-leurs-services\/","title":{"rendered":"Crise \u00e9nerg\u00e9tique : ces stations de ski vont r\u00e9duire leurs services"},"content":{"rendered":"\n<p><strong>La crise \u00e9nerg\u00e9tique impacte de plus en plus de secteurs. A deux semaines de l\u2019ouverture des premi\u00e8res pistes de ski, certaines stations se pr\u00e9parent d\u00e9j\u00e0 \u00e0 diminuer leurs services. Des g\u00e9rants envisagent m\u00eame de fermer leur station plus t\u00f4t que pr\u00e9vu. Objectif : r\u00e9duire la facture \u00e9nerg\u00e9tique qui explose cette ann\u00e9e.<\/strong><\/p>\n\n\n\n<p><a href=\"https:\/\/www.europe1.fr\/societe\/apres-une-annee-blanche-les-stations-de-ski-font-carton-plein-4084756\">La saison de ski<\/a>, qui va bient\u00f4t commencer, va-t-elle \u00eatre perturb\u00e9e par la crise \u00e9nerg\u00e9tique ? Les premi\u00e8res pistes ouvriront le 19 novembre prochain \u00e0 Val Thorens. Et dans certaines stations, le service va \u00eatre r\u00e9duit pour r\u00e9duire la facture \u00e9nerg\u00e9tique. Depuis le d\u00e9but de la guerre en Ukraine, les prix de l\u2019\u00e9nergie se sont envol\u00e9s.<\/p>\n\n\n\n<h2 class=\"wp-block-heading\">Une saison plus courte \u00e0 Peyragudes<\/h2>\n\n\n\n<p>La station de Peyragudes dans les Pyr\u00e9n\u00e9es offre 65 kilom\u00e8tres de pistes, desservies par 18 remont\u00e9es m\u00e9caniques, fonctionnant toutes \u00e0 l\u2019\u00e9lectricit\u00e9. Ce genre de dispositif consomme beaucoup d\u2019\u00e9nergie.&nbsp;Alors cette ann\u00e9e, la saison sera plus courte que d\u2019habitude. La fermeture est pr\u00e9vue le 26 mars prochain, et non d\u00e9but avril. Ces quelques jours en moins devraient permettre de r\u00e9duire les d\u00e9penses,<\/p>\n\n\n\n<p>\u00ab\u00a0C\u2019est une fa\u00e7on d\u2019all\u00e9ger la facture et d&rsquo;\u00e9viter de faire du chiffre d\u2019affaires non rentable. C\u2019est aussi une fa\u00e7on pour nous de ma\u00eetriser les co\u00fbts\u00a0\u00bb, explique Laurent Garcia, dirigeant de la station.&nbsp;Les jours de faible fr\u00e9quentation, avec moins de 2.000 visiteurs, la station pourra aussi fermer la moiti\u00e9 de ses remont\u00e9es. L\u2019objectif, encore une fois, est de contenir la hausse de la facture \u00e9nerg\u00e9tique.&nbsp;\u00ab\u00a0En 2019, nous \u00e9tions sur une consommation moyenne en \u00e9lectricit\u00e9 autour de 400.000 euros. Pour l\u2019hiver qui arrive on sera autour du million d\u2019euros\u00a0\u00bb, commente Laurent Garcia.<\/p>\n","protected":false},"excerpt":{"rendered":"<p>La crise \u00e9nerg\u00e9tique impacte de plus en plus de secteurs. A deux semaines de l\u2019ouverture des premi\u00e8res pistes de ski, certaines stations se pr\u00e9parent d\u00e9j\u00e0 \u00e0 diminuer leurs services. Des g\u00e9rants envisagent m\u00eame de fermer leur station plus t\u00f4t que pr\u00e9vu. Objectif : r\u00e9duire la facture \u00e9nerg\u00e9tique qui explose cette ann\u00e9e. La saison de ski, [&hellip;]<\/p>\n","protected":false},"author":2,"featured_media":22837,"comment_status":"open","ping_status":"open","sticky":false,"template":"","format":"standard","meta":{"_jetpack_memberships_contains_paid_content":false,"footnotes":"","jetpack_publicize_message":"","jetpack_publicize_feature_enabled":true,"jetpack_social_post_already_shared":true,"jetpack_social_options":{"image_generator_settings":{"template":"highway","default_image_id":0,"font":"","enabled":false},"version":2},"_wpas_customize_per_network":false},"categories":[405],"tags":[],"class_list":["post-22836","post","type-post","status-publish","format-standard","has-post-thumbnail","hentry","category-actu-france-monde"],"jetpack_publicize_connections":[],"jetpack_featured_media_url":"https:\/\/i0.wp.com\/www.iceagetv.com\/radiosite\/wp-content\/uploads\/2022\/11\/Crise-energetique-ces-stations-de-ski-vont-reduire-leurs-services.webp?fit=424%2C212&ssl=1","jetpack_sharing_enabled":true,"_links":{"self":[{"href":"https:\/\/www.iceagetv.com\/radiosite\/wp-json\/wp\/v2\/posts\/22836","targetHints":{"allow":["GET"]}}],"collection":[{"href":"https:\/\/www.iceagetv.com\/radiosite\/wp-json\/wp\/v2\/posts"}],"about":[{"href":"https:\/\/www.iceagetv.com\/radiosite\/wp-json\/wp\/v2\/types\/post"}],"author":[{"embeddable":true,"href":"https:\/\/www.iceagetv.com\/radiosite\/wp-json\/wp\/v2\/users\/2"}],"replies":[{"embeddable":true,"href":"https:\/\/www.iceagetv.com\/radiosite\/wp-json\/wp\/v2\/comments?post=22836"}],"version-history":[{"count":1,"href":"https:\/\/www.iceagetv.com\/radiosite\/wp-json\/wp\/v2\/posts\/22836\/revisions"}],"predecessor-version":[{"id":22838,"href":"https:\/\/www.iceagetv.com\/radiosite\/wp-json\/wp\/v2\/posts\/22836\/revisions\/22838"}],"wp:featuredmedia":[{"embeddable":true,"href":"https:\/\/www.iceagetv.com\/radiosite\/wp-json\/wp\/v2\/media\/22837"}],"wp:attachment":[{"href":"https:\/\/www.iceagetv.com\/radiosite\/wp-json\/wp\/v2\/media?parent=22836"}],"wp:term":[{"taxonomy":"category","embeddable":true,"href":"https:\/\/www.iceagetv.com\/radiosite\/wp-json\/wp\/v2\/categories?post=22836"},{"taxonomy":"post_tag","embeddable":true,"href":"https:\/\/www.iceagetv.com\/radiosite\/wp-json\/wp\/v2\/tags?post=22836"}],"curies":[{"name":"wp","href":"https:\/\/api.w.org\/{rel}","templated":true}]}}