{"id":22873,"date":"2022-11-07T18:22:46","date_gmt":"2022-11-07T18:22:46","guid":{"rendered":"http:\/\/www.iceagetv.com\/radiosite\/?p=22873"},"modified":"2022-11-07T18:22:46","modified_gmt":"2022-11-07T18:22:46","slug":"sous-le-choc-des-inondations-le-pakistan-demande-une-compensation-climatique-et-un-allegement-de-la-dette","status":"publish","type":"post","link":"https:\/\/www.iceagetv.com\/radiosite\/sous-le-choc-des-inondations-le-pakistan-demande-une-compensation-climatique-et-un-allegement-de-la-dette\/","title":{"rendered":"Sous le choc des inondations, le Pakistan demande une compensation climatique et un all\u00e9gement de la dette"},"content":{"rendered":"\n<p>Le Premier ministre pakistanais a d\u00e9clar\u00e9 que son pays aurait besoin d&rsquo;un all\u00e9gement de sa dette et demanderait une indemnisation pour les dommages climatiques alors qu&rsquo;il se remettait des inondations catastrophiques qui ont co\u00fbt\u00e9 au pays quelque 30 milliards de dollars.<\/p>\n\n\n\n<p>S&rsquo;exprimant lundi lors de la conf\u00e9rence sur le&nbsp;<a href=\"https:\/\/www.reuters.com\/business\/cop\/cop27-conversations-watch-climate-summit-2022-10-31\/\">climat COP27 aux<\/a>&nbsp;c\u00f4t\u00e9s du secr\u00e9taire g\u00e9n\u00e9ral de l&rsquo;ONU Antonio Guterres, le Premier ministre Shehbaz Sharif a d\u00e9clar\u00e9 que l&rsquo;escalade de la dette publique du Pakistan entravait sa reprise.<\/p>\n\n\n\n<p>\u00ab\u00a0Des millions de personnes passent l&rsquo;hiver sans abri ni moyens de subsistance\u00a0\u00bb, a d\u00e9clar\u00e9 Sharif.\u00a0\u00ab\u00a0Les femmes et les enfants comptent toujours sur nous pour prot\u00e9ger leurs besoins fondamentaux.\u00a0\u00bb<\/p>\n\n\n\n<p>Le Pakistan et d&rsquo;autres pays vuln\u00e9rables au climat exigent que les pourparlers de l&rsquo;ONU sur le climat cette ann\u00e9e en \u00c9gypte prennent des mesures pour mobiliser&nbsp;<a href=\"https:\/\/www.reuters.com\/business\/cop\/cop27-what-is-loss-damage-compensation-who-should-pay-2022-11-06\/\">des fonds pour les \u00ab&nbsp;pertes et dommages&nbsp;\u00bb<\/a>&nbsp;pour les pays touch\u00e9s par la catastrophe, et certains disent que les pays riches ont le devoir de payer ces co\u00fbts parce que leurs \u00e9missions historiques sont aujourd&rsquo;hui les principaux responsables du r\u00e9chauffement climatique.<\/p>\n\n\n\n<p>\u00ab\u00a0Nous avons mobilis\u00e9 toutes les ressources disponibles pour l&rsquo;effort de secours national\u00a0\u00bb, mais cela ne suffit pas, a d\u00e9clar\u00e9 Sharif, d\u00e9crivant des centaines de ponts bris\u00e9s \u00e0 travers le pays, ainsi que l&rsquo;eau stagnante des lacs qui encrasse d\u00e9sormais le paysage agricole du sud du Pakistan.<\/p>\n","protected":false},"excerpt":{"rendered":"<p>Le Premier ministre pakistanais a d\u00e9clar\u00e9 que son pays aurait besoin d&rsquo;un all\u00e9gement de sa dette et demanderait une indemnisation pour les dommages climatiques alors qu&rsquo;il se remettait des inondations catastrophiques qui ont co\u00fbt\u00e9 au pays quelque 30 milliards de dollars. S&rsquo;exprimant lundi lors de la conf\u00e9rence sur le&nbsp;climat COP27 aux&nbsp;c\u00f4t\u00e9s du secr\u00e9taire g\u00e9n\u00e9ral de [&hellip;]<\/p>\n","protected":false},"author":2,"featured_media":22874,"comment_status":"open","ping_status":"open","sticky":false,"template":"","format":"standard","meta":{"_jetpack_memberships_contains_paid_content":false,"footnotes":"","jetpack_publicize_message":"","jetpack_publicize_feature_enabled":true,"jetpack_social_post_already_shared":true,"jetpack_social_options":{"image_generator_settings":{"template":"highway","default_image_id":0,"font":"","enabled":false},"version":2},"_wpas_customize_per_network":false},"categories":[405],"tags":[],"class_list":["post-22873","post","type-post","status-publish","format-standard","has-post-thumbnail","hentry","category-actu-france-monde"],"jetpack_publicize_connections":[],"jetpack_featured_media_url":"https:\/\/i0.wp.com\/www.iceagetv.com\/radiosite\/wp-content\/uploads\/2022\/11\/Q7MHY5EJHVOW5GLJ6SAZI7N5VI.jpg?fit=1200%2C800&ssl=1","jetpack_sharing_enabled":true,"_links":{"self":[{"href":"https:\/\/www.iceagetv.com\/radiosite\/wp-json\/wp\/v2\/posts\/22873","targetHints":{"allow":["GET"]}}],"collection":[{"href":"https:\/\/www.iceagetv.com\/radiosite\/wp-json\/wp\/v2\/posts"}],"about":[{"href":"https:\/\/www.iceagetv.com\/radiosite\/wp-json\/wp\/v2\/types\/post"}],"author":[{"embeddable":true,"href":"https:\/\/www.iceagetv.com\/radiosite\/wp-json\/wp\/v2\/users\/2"}],"replies":[{"embeddable":true,"href":"https:\/\/www.iceagetv.com\/radiosite\/wp-json\/wp\/v2\/comments?post=22873"}],"version-history":[{"count":1,"href":"https:\/\/www.iceagetv.com\/radiosite\/wp-json\/wp\/v2\/posts\/22873\/revisions"}],"predecessor-version":[{"id":22875,"href":"https:\/\/www.iceagetv.com\/radiosite\/wp-json\/wp\/v2\/posts\/22873\/revisions\/22875"}],"wp:featuredmedia":[{"embeddable":true,"href":"https:\/\/www.iceagetv.com\/radiosite\/wp-json\/wp\/v2\/media\/22874"}],"wp:attachment":[{"href":"https:\/\/www.iceagetv.com\/radiosite\/wp-json\/wp\/v2\/media?parent=22873"}],"wp:term":[{"taxonomy":"category","embeddable":true,"href":"https:\/\/www.iceagetv.com\/radiosite\/wp-json\/wp\/v2\/categories?post=22873"},{"taxonomy":"post_tag","embeddable":true,"href":"https:\/\/www.iceagetv.com\/radiosite\/wp-json\/wp\/v2\/tags?post=22873"}],"curies":[{"name":"wp","href":"https:\/\/api.w.org\/{rel}","templated":true}]}}