{"id":22892,"date":"2022-11-08T16:39:08","date_gmt":"2022-11-08T16:39:08","guid":{"rendered":"http:\/\/www.iceagetv.com\/radiosite\/?p=22892"},"modified":"2022-11-08T16:39:29","modified_gmt":"2022-11-08T16:39:29","slug":"grand-quevilly-un-professeur-menace-par-un-pere-de-famille-au-lycee-val-de-seine-refuse-de-reprendre-les-cours-je-ne-veux-pas-etre-un-deuxieme-samuel-paty","status":"publish","type":"post","link":"https:\/\/www.iceagetv.com\/radiosite\/grand-quevilly-un-professeur-menace-par-un-pere-de-famille-au-lycee-val-de-seine-refuse-de-reprendre-les-cours-je-ne-veux-pas-etre-un-deuxieme-samuel-paty\/","title":{"rendered":"Grand-Quevilly &#8211; Un professeur menac\u00e9 par un p\u00e8re de famille au lyc\u00e9e Val-de-Seine, refuse de reprendre les cours : \u00ab\u00a0Je ne veux pas \u00eatre un deuxi\u00e8me Samuel Paty !\u00a0\u00bb"},"content":{"rendered":"\n<p>Une violente agression verbale de la part d&rsquo;un parent a eu lieu le jeudi 20 octobre au lyc\u00e9e Val-de-Seine \u00e0 Grand-Quevilly, pr\u00e8s de Rouen,&nbsp;selon nos confr\u00e8res de&nbsp;<a href=\"https:\/\/france3-regions.francetvinfo.fr\/normandie\/seine-maritime\/rouen\/temoignage-je-vais-vous-decrocher-la-tete-un-professeur-menace-de-mort-par-un-parent-d-eleve-2649908.html\" target=\"_blank\" rel=\"noreferrer noopener\">France 3<\/a>.&nbsp;Ce jour-l\u00e0, l&rsquo;enseignant dit m\u00eame avoir \u00e9t\u00e9 \u00ab\u00a0menac\u00e9 de mort\u00a0\u00bb.<\/p>\n\n\n\n<p>\u00ab\u00a0A un moment, je vois un homme costaud arriver vers moi et me dire &lsquo;Qu&rsquo;avez-vous contre ma fille ?&rsquo; \u00ab\u00a0, raconte le professeur. L&rsquo;homme en question est le p\u00e8re d&rsquo;une \u00e9l\u00e8ve de 16 ans qui souffrirait de probl\u00e8mes de dyslexie.<\/p>\n\n\n\n<p>Un probl\u00e8me qu&rsquo;ignorait le professeur qui place ses \u00e9l\u00e8ves dans l&rsquo;ordre alphab\u00e9tique. Le nom de famille de l&rsquo;\u00e9l\u00e8ve se terminant par la lettre Z, le jeune fille avait du mal \u00e0 suivre les cours du fond de la classe.<\/p>\n\n\n\n<p>Face au professeur, le parent d&rsquo;\u00e9l\u00e8ve hausse le ton et se montre agressif : \u00ab\u00a0Vous prenez ma fille pour une merde, vous parlez mal \u00e0 vos \u00e9l\u00e8ves. Avant de sortir de la salle, il me pointe du doigt et hurle : &lsquo;Si vous continuez comme \u00e7a avec ma fille, je vais vous d\u00e9crocher la t\u00eate !\u00a0\u00bb<\/p>\n\n\n\n<p>Depuis cet \u00e9v\u00e8nement, le professeur est en arr\u00eat maladie. Son \u00e9tat psychologique a \u00e9t\u00e9 jug\u00e9 trop fragile pour reprendre les cours et il pr\u00e9cise avec uee phrase terrible :&nbsp; \u00ab\u00a0Je ne veux pas \u00eatre un deuxi\u00e8me Samuel Paty. Je ne me vois pas revenir dans cet \u00e9tablissement. J&rsquo;ai demand\u00e9 au rectorat \u00e0 changer de poste pour me prot\u00e9ger.\u00a0\u00bb<\/p>\n","protected":false},"excerpt":{"rendered":"<p>Une violente agression verbale de la part d&rsquo;un parent a eu lieu le jeudi 20 octobre au lyc\u00e9e Val-de-Seine \u00e0 Grand-Quevilly, pr\u00e8s de Rouen,&nbsp;selon nos confr\u00e8res de&nbsp;France 3.&nbsp;Ce jour-l\u00e0, l&rsquo;enseignant dit m\u00eame avoir \u00e9t\u00e9 \u00ab\u00a0menac\u00e9 de mort\u00a0\u00bb. \u00ab\u00a0A un moment, je vois un homme costaud arriver vers moi et me dire &lsquo;Qu&rsquo;avez-vous contre ma fille [&hellip;]<\/p>\n","protected":false},"author":2,"featured_media":22893,"comment_status":"open","ping_status":"open","sticky":false,"template":"","format":"standard","meta":{"_jetpack_memberships_contains_paid_content":false,"footnotes":"","jetpack_publicize_message":"","jetpack_publicize_feature_enabled":true,"jetpack_social_post_already_shared":true,"jetpack_social_options":{"image_generator_settings":{"template":"highway","default_image_id":0,"font":"","enabled":false},"version":2},"_wpas_customize_per_network":false},"categories":[405],"tags":[],"class_list":["post-22892","post","type-post","status-publish","format-standard","has-post-thumbnail","hentry","category-actu-france-monde"],"jetpack_publicize_connections":[],"jetpack_featured_media_url":"https:\/\/i0.wp.com\/www.iceagetv.com\/radiosite\/wp-content\/uploads\/2022\/11\/grand-quevilli.png?fit=519%2C302&ssl=1","jetpack_sharing_enabled":true,"_links":{"self":[{"href":"https:\/\/www.iceagetv.com\/radiosite\/wp-json\/wp\/v2\/posts\/22892","targetHints":{"allow":["GET"]}}],"collection":[{"href":"https:\/\/www.iceagetv.com\/radiosite\/wp-json\/wp\/v2\/posts"}],"about":[{"href":"https:\/\/www.iceagetv.com\/radiosite\/wp-json\/wp\/v2\/types\/post"}],"author":[{"embeddable":true,"href":"https:\/\/www.iceagetv.com\/radiosite\/wp-json\/wp\/v2\/users\/2"}],"replies":[{"embeddable":true,"href":"https:\/\/www.iceagetv.com\/radiosite\/wp-json\/wp\/v2\/comments?post=22892"}],"version-history":[{"count":1,"href":"https:\/\/www.iceagetv.com\/radiosite\/wp-json\/wp\/v2\/posts\/22892\/revisions"}],"predecessor-version":[{"id":22894,"href":"https:\/\/www.iceagetv.com\/radiosite\/wp-json\/wp\/v2\/posts\/22892\/revisions\/22894"}],"wp:featuredmedia":[{"embeddable":true,"href":"https:\/\/www.iceagetv.com\/radiosite\/wp-json\/wp\/v2\/media\/22893"}],"wp:attachment":[{"href":"https:\/\/www.iceagetv.com\/radiosite\/wp-json\/wp\/v2\/media?parent=22892"}],"wp:term":[{"taxonomy":"category","embeddable":true,"href":"https:\/\/www.iceagetv.com\/radiosite\/wp-json\/wp\/v2\/categories?post=22892"},{"taxonomy":"post_tag","embeddable":true,"href":"https:\/\/www.iceagetv.com\/radiosite\/wp-json\/wp\/v2\/tags?post=22892"}],"curies":[{"name":"wp","href":"https:\/\/api.w.org\/{rel}","templated":true}]}}