{"id":22899,"date":"2022-11-09T18:03:36","date_gmt":"2022-11-09T18:03:36","guid":{"rendered":"http:\/\/www.iceagetv.com\/radiosite\/?p=22899"},"modified":"2022-11-09T18:03:36","modified_gmt":"2022-11-09T18:03:36","slug":"greve-ratp-voici-la-liste-complete-des-lignes-qui-seront-a-larret-demain-ainsi-que-celle-des-stations-de-metro-qui-seront-fermees","status":"publish","type":"post","link":"https:\/\/www.iceagetv.com\/radiosite\/greve-ratp-voici-la-liste-complete-des-lignes-qui-seront-a-larret-demain-ainsi-que-celle-des-stations-de-metro-qui-seront-fermees\/","title":{"rendered":"Gr\u00e8ve RATP : Voici la liste compl\u00e8te des lignes qui seront \u00e0 l&rsquo;arr\u00eat demain, ainsi que celle des stations de m\u00e9tro qui seront ferm\u00e9es"},"content":{"rendered":"\n<p>Plusieurs syndicats de la RATP ont d\u00e9pos\u00e9 un pr\u00e9avis de gr\u00e8ve pour la journ\u00e9e de demain, durant laquelle ils portent l&rsquo;objectif de laisser circuler \u00abz\u00e9ro m\u00e9tro, z\u00e9ro RER\u00bb. Finalement, ce sont 5 lignes qui seront \u00e0 l&rsquo;arr\u00eat, les&nbsp;2, 8, 10, 11 et 12.<\/p>\n\n\n\n<p>A noter que 34 stations seront ferm\u00e9es au public sur les autres lignes:&nbsp;<\/p>\n\n\n\n<p><strong>LIGNE 1<\/strong><\/p>\n\n\n\n<p>Trafic normal<\/p>\n\n\n\n<p>Stations ferm\u00e9es: Reuilly-Diderot, Bastille, H\u00f4tel de Ville, Concorde et Champs-Elys\u00e9es Cl\u00e9menceau<\/p>\n\n\n\n<p><strong>LIGNE 3<\/strong><\/p>\n\n\n\n<p>Le trafic sera tr\u00e8s perturb\u00e9, ne circulant qu\u2019avec un train sur quatre uniquement entre Pont de Levallois et Havre Caumartin qu\u2019en heures de pointe (entre 7 h et 9h30, et de 16h30 \u00e0 19h30)&nbsp;<\/p>\n\n\n\n<p>Station ferm\u00e9e:&nbsp;Villiers<\/p>\n\n\n\n<p><strong>LIGNE 4<\/strong><\/p>\n\n\n\n<p>Le trafic sera tr\u00e8s perturb\u00e9, ne circulant qu\u2019en heures de pointe (entre 7 h et 9h30, et de 16h30 \u00e0 19h30) avec un train sur deux, uniquement entre Porte d\u2019Orl\u00e9ans et Porte de Clignancourt&nbsp;<\/p>\n\n\n\n<p>Stations ferm\u00e9es: Al\u00e9sia, Raspail, Montparnasse-Bienven\u00fce, Od\u00e9on, Cit\u00e9, R\u00e9aumur-S\u00e9bastopol, Gare de l\u2019Est, Barb\u00e8s-Rochechouart, Marcadet-Poissonniers et Simplon<\/p>\n\n\n\n<p><strong>LIGNE 5<\/strong><\/p>\n\n\n\n<p>trafic tr\u00e8s perturb\u00e9 avec seulement un train sur quatre en heures de pointe entre Bobigny Pablo-Picasso et Gare du Nord<\/p>\n\n\n\n<p>Stations ferm\u00e9es: Jaur\u00e8s et Stalingrad<\/p>\n\n\n\n<p><strong>LIGNE 6<\/strong><\/p>\n\n\n\n<p>trafic tr\u00e8s perturb\u00e9, avec un train sur quatre ne circulant qu\u2019en heures de pointe (entre 7 h et 9h30, et de 16h30 \u00e0 19h30) entre Nation et Place d\u2019Italie<\/p>\n\n\n\n<p>Station ferm\u00e9e: Trocad\u00e9ro<\/p>\n\n\n\n<p><strong>LIGNE 7<\/strong><\/p>\n\n\n\n<p>trafic tr\u00e8s perturb\u00e9, seulement un train sur trois en heures de pointe le matin (entre 7 h et 9h30) et un train sur deux le soir (16h30 \u00e0 19h30)<\/p>\n\n\n\n<p>Stations ferm\u00e9es: Jussieu, Op\u00e9ra, Cadet, Gare de l\u2019Est et Stalingrad<\/p>\n\n\n\n<p><strong>LIGNE 7 BIS<\/strong><\/p>\n\n\n\n<p>trafic tr\u00e8s perturb\u00e9, seulement un train sur trois en heures de pointe le matin (entre 7 h et 9h30) et un train sur deux le soir (16h30 \u00e0 19h30)&nbsp;<\/p>\n\n\n\n<p>Station ferm\u00e9e: Place des f\u00eates et Jaur\u00e8s<\/p>\n\n\n\n<p><strong>LIGNE 9<\/strong><\/p>\n\n\n\n<p>trafic tr\u00e8s perturb\u00e9, un train sur deux aux heures de pointe (entre 7 h et 9h30, et de 16h30 \u00e0 19h30)&nbsp;<\/p>\n\n\n\n<p>Stations ferm\u00e9es: Mara\u00eechers, Saint-Ambroise, R\u00e9publique, Bonne Nouvelle, Grands Boulevard, Richelieu-Drouot, Miromesnil, Trocad\u00e9ro, Michel-Ange Auteuil, Michel-Ange Molitor et Exelmans<\/p>\n\n\n\n<p><strong>LIGNE 13<\/strong><\/p>\n\n\n\n<p>trafic tr\u00e8s perturb\u00e9, ne circulant qu\u2019en heures de pointe (entre 7 h et 9h30, et de 16h30 \u00e0 19h30) avec un train sur trois<\/p>\n\n\n\n<p>Stations ferm\u00e9es: Montparnasse-Bienven\u00fce et Duroc<\/p>\n\n\n\n<p><strong>Concernant les RER, le trafic sera \u00e9galement perturb\u00e9:<\/strong><\/p>\n\n\n\n<p><strong>Ligne A :<\/strong>&nbsp;<\/p>\n\n\n\n<p>trafic tr\u00e8s perturb\u00e9, un train sur deux aux heures de pointe et un train sur quatre aux heures creuses ; premiers d\u00e9parts entre 5h25 et 5h50 selon les branches ; dernier passage \u00e0 Ch\u00e2telet \u00e0 21 heures<\/p>\n\n\n\n<p><strong>Ligne B :&nbsp;<\/strong><\/p>\n\n\n\n<p>trafic tr\u00e8s perturb\u00e9, un train sur deux aux heures de pointe, 1 sur 3 aux heures creuse (interconnexion interrompue \u00e0 Gare du Nord), dernier train \u00e0 21 heures \u00e0 Ch\u00e2telet<\/p>\n\n\n\n<p><strong>Ligne C :<\/strong><\/p>\n\n\n\n<p>&nbsp;trafic perturb\u00e9<\/p>\n\n\n\n<p><strong>Ligne D :&nbsp;<\/strong><\/p>\n\n\n\n<p>trafic normal<\/p>\n","protected":false},"excerpt":{"rendered":"<p>Plusieurs syndicats de la RATP ont d\u00e9pos\u00e9 un pr\u00e9avis de gr\u00e8ve pour la journ\u00e9e de demain, durant laquelle ils portent l&rsquo;objectif de laisser circuler \u00abz\u00e9ro m\u00e9tro, z\u00e9ro RER\u00bb. Finalement, ce sont 5 lignes qui seront \u00e0 l&rsquo;arr\u00eat, les&nbsp;2, 8, 10, 11 et 12. A noter que 34 stations seront ferm\u00e9es au public sur les autres [&hellip;]<\/p>\n","protected":false},"author":2,"featured_media":22900,"comment_status":"open","ping_status":"open","sticky":false,"template":"","format":"standard","meta":{"_jetpack_memberships_contains_paid_content":false,"footnotes":"","jetpack_publicize_message":"","jetpack_publicize_feature_enabled":true,"jetpack_social_post_already_shared":true,"jetpack_social_options":{"image_generator_settings":{"template":"highway","default_image_id":0,"font":"","enabled":false},"version":2},"_wpas_customize_per_network":false},"categories":[405],"tags":[],"class_list":["post-22899","post","type-post","status-publish","format-standard","has-post-thumbnail","hentry","category-actu-france-monde"],"jetpack_publicize_connections":[],"jetpack_featured_media_url":"https:\/\/i0.wp.com\/www.iceagetv.com\/radiosite\/wp-content\/uploads\/2022\/11\/Greve-RATP.png?fit=634%2C322&ssl=1","jetpack_sharing_enabled":true,"_links":{"self":[{"href":"https:\/\/www.iceagetv.com\/radiosite\/wp-json\/wp\/v2\/posts\/22899","targetHints":{"allow":["GET"]}}],"collection":[{"href":"https:\/\/www.iceagetv.com\/radiosite\/wp-json\/wp\/v2\/posts"}],"about":[{"href":"https:\/\/www.iceagetv.com\/radiosite\/wp-json\/wp\/v2\/types\/post"}],"author":[{"embeddable":true,"href":"https:\/\/www.iceagetv.com\/radiosite\/wp-json\/wp\/v2\/users\/2"}],"replies":[{"embeddable":true,"href":"https:\/\/www.iceagetv.com\/radiosite\/wp-json\/wp\/v2\/comments?post=22899"}],"version-history":[{"count":1,"href":"https:\/\/www.iceagetv.com\/radiosite\/wp-json\/wp\/v2\/posts\/22899\/revisions"}],"predecessor-version":[{"id":22901,"href":"https:\/\/www.iceagetv.com\/radiosite\/wp-json\/wp\/v2\/posts\/22899\/revisions\/22901"}],"wp:featuredmedia":[{"embeddable":true,"href":"https:\/\/www.iceagetv.com\/radiosite\/wp-json\/wp\/v2\/media\/22900"}],"wp:attachment":[{"href":"https:\/\/www.iceagetv.com\/radiosite\/wp-json\/wp\/v2\/media?parent=22899"}],"wp:term":[{"taxonomy":"category","embeddable":true,"href":"https:\/\/www.iceagetv.com\/radiosite\/wp-json\/wp\/v2\/categories?post=22899"},{"taxonomy":"post_tag","embeddable":true,"href":"https:\/\/www.iceagetv.com\/radiosite\/wp-json\/wp\/v2\/tags?post=22899"}],"curies":[{"name":"wp","href":"https:\/\/api.w.org\/{rel}","templated":true}]}}