{"id":22915,"date":"2022-11-10T14:00:14","date_gmt":"2022-11-10T14:00:14","guid":{"rendered":"http:\/\/www.iceagetv.com\/radiosite\/?p=22915"},"modified":"2022-11-10T14:00:14","modified_gmt":"2022-11-10T14:00:14","slug":"locean-viking-sera-accueilli-vendredi-a-toulon-annonce-gerald-darmanin","status":"publish","type":"post","link":"https:\/\/www.iceagetv.com\/radiosite\/locean-viking-sera-accueilli-vendredi-a-toulon-annonce-gerald-darmanin\/","title":{"rendered":"L&rsquo;Ocean Viking\u00a0sera accueilli vendredi \u00e0 Toulon, annonce G\u00e9rald Darmanin"},"content":{"rendered":"\n<p>Le gouvernement a annonc\u00e9 jeudi 10 novembre son intention d&rsquo;accueillir le navire qui transporte 234 migrants. Le ministre de l&rsquo;Int\u00e9rieur d\u00e9nonce par ailleurs le \u00abchoix incompr\u00e9hensible\u00bb de l&rsquo;Italie de ne pas le faire.<\/p>\n\n\n\n<p>La France va accueillir\u00a0<em>\u00ab\u00e0 titre exceptionnel\u00bb<\/em>\u00a0l&rsquo;<em>Ocean Viking.\u00a0<\/em>Le navire qui transporte 234 migrants se rendra \u00e0 Toulon vendredi, a annonc\u00e9 G\u00e9rald Darmanin, jeudi 10 novembre. Le ministre de l&rsquo;Int\u00e9rieur a pr\u00e9cis\u00e9 qu&rsquo;un tiers de ses passagers seraient\u00a0<em>\u00abrelocalis\u00e9s\u00bb<\/em>\u00a0en France. L&rsquo;accueil de l&rsquo;<em>Ocean Viking\u00a0<\/em>faisait depuis plusieurs jours l&rsquo;objet d&rsquo;un bras de fer entre Paris et Rome<\/p>\n\n\n\n<p>.<\/p>\n\n\n\n<p>Si l&rsquo;<em>Ocean Viking<\/em>&nbsp;bat pavillon norv\u00e9gien, il appartient \u00e0 l&rsquo;association europ\u00e9enne SOS M\u00e9diterran\u00e9e. Implant\u00e9e en France, en Allemagne, en Italie et en Suisse, celle-ci a pris en charge quelque 37.000 naufrag\u00e9s en Mer M\u00e9diterran\u00e9e depuis 2016. Chacune de ses sorties en mer, avec la trentaine de membres de son \u00e9quipage, co\u00fbte en moyenne 14.000 euros par jour. Accus\u00e9e par certains de contourner les lois migratoires, l&rsquo;ONG affirme de son c\u00f4t\u00e9 agir dans le respect du droit maritime international.<\/p>\n\n\n\n<p>Plus t\u00f4t ce jeudi, le secr\u00e9tariat g\u00e9n\u00e9ral de la mer, instance sous l&rsquo;\u00e9gide de Matignon, avait annonc\u00e9 l&rsquo;\u00e9vacuation sanitaire de quatre passagers, trois migrants \u00ab<em>dans un \u00e9tat de sant\u00e9 grave<\/em>\u00bb selon l&rsquo;ONG, et un accompagnant. \u00ab<em>Sur instruction de la premi\u00e8re ministre, (le secr\u00e9tariat) met en \u0153uvre une op\u00e9ration d&rsquo;\u00e9vacuation sanitaire en mer de quatre migrants actuellement \u00e0 bord de l&rsquo;<\/em>Ocean Viking\u00bb, avait annonc\u00e9 dans un communiqu\u00e9 l&rsquo;instance dirig\u00e9e par l&rsquo;ancien pr\u00e9fet de police de Paris Didier Lallement.<\/p>\n\n\n\n<p>\u00ab<em>L&rsquo;un des patients est instable et ne r\u00e9agit pas aux soins prodigu\u00e9s \u00e0 bord depuis le 27 octobre. Les deux autres ont subi des blessures en Libye qui, en raison du long d\u00e9lai de traitement, risquent maintenant d&rsquo;avoir des cons\u00e9quences n\u00e9gatives \u00e0 long terme<\/em>\u00bb, a d\u00e9taill\u00e9 une porte-parole de SOS M\u00e9diterran\u00e9e aupr\u00e8s de l&rsquo;AFP. Les op\u00e9rations de secours ont commenc\u00e9 en fin de matin\u00e9e&nbsp;: un h\u00e9licopt\u00e8re de l&rsquo;arm\u00e9e de l&rsquo;air avec une \u00e9quipe m\u00e9dicale \u00e0 bord a d\u00e9coll\u00e9 de Corse pour emmener les personnes vers l&rsquo;h\u00f4pital de Bastia.<\/p>\n\n\n\n<h2 class=\"wp-block-heading\" id=\"subhead-d7918fe9-0ec8-4acb-8648-d31afacaf917\">Gauche et droite divis\u00e9s<\/h2>\n\n\n\n<p>Le sort du bateau a divis\u00e9 la gauche et la droite ces derniers jours. Accueillir l&rsquo;<em>Ocean Viking<\/em>&nbsp;est une \u00ab<em>urgence humanitaire<\/em>\u00bb pour les uns, une \u00ab<em>erreur<\/em>\u00bb pour d&rsquo;autres. La pr\u00e9sidente Renaissance de l&rsquo;Assembl\u00e9e nationale, Ya\u00ebl Braun-Pivet, interrog\u00e9e dans&nbsp;<em>C \u00e0 vous<\/em>&nbsp;sur France 5, a r\u00e9pondu \u00ab<em>oui<\/em>\u00bb \u00e0 l&rsquo;accueil&nbsp;: \u00ab<em>La tradition fran\u00e7aise est une tradition d&rsquo;accueil (&#8230;). Il y a le droit, mais il y a aussi ce qu&rsquo;on doit faire en tant qu&rsquo;\u00eatres humains \u00e0 l&rsquo;\u00e9gard d&rsquo;autres \u00eatres humains<\/em>\u00bb.<\/p>\n\n\n\n<p>\u00ab<em>C&rsquo;est la mise devant le fait accompli<\/em>\u00bb, a pour sa part d\u00e9clar\u00e9 le pr\u00e9sident du Rassemblement national Jordan Bardella. \u00ab<em>Avec nous l&rsquo;<\/em>Ocean Viking<em>, comme l&rsquo;<\/em>Aquarius<em>&nbsp;en 2018, ne pourrait pas accoster sur les c\u00f4tes fran\u00e7aises<\/em>\u00bb, a-t-il ajout\u00e9 devant la presse.<\/p>\n","protected":false},"excerpt":{"rendered":"<p>Le gouvernement a annonc\u00e9 jeudi 10 novembre son intention d&rsquo;accueillir le navire qui transporte 234 migrants. Le ministre de l&rsquo;Int\u00e9rieur d\u00e9nonce par ailleurs le \u00abchoix incompr\u00e9hensible\u00bb de l&rsquo;Italie de ne pas le faire. La France va accueillir\u00a0\u00ab\u00e0 titre exceptionnel\u00bb\u00a0l&rsquo;Ocean Viking.\u00a0Le navire qui transporte 234 migrants se rendra \u00e0 Toulon vendredi, a annonc\u00e9 G\u00e9rald Darmanin, jeudi [&hellip;]<\/p>\n","protected":false},"author":2,"featured_media":22916,"comment_status":"open","ping_status":"open","sticky":false,"template":"","format":"standard","meta":{"_jetpack_memberships_contains_paid_content":false,"footnotes":"","jetpack_publicize_message":"","jetpack_publicize_feature_enabled":true,"jetpack_social_post_already_shared":true,"jetpack_social_options":{"image_generator_settings":{"template":"highway","default_image_id":0,"font":"","enabled":false},"version":2},"_wpas_customize_per_network":false},"categories":[405],"tags":[],"class_list":["post-22915","post","type-post","status-publish","format-standard","has-post-thumbnail","hentry","category-actu-france-monde"],"jetpack_publicize_connections":[],"jetpack_featured_media_url":"https:\/\/i0.wp.com\/www.iceagetv.com\/radiosite\/wp-content\/uploads\/2022\/11\/Screenshot_20221110_145856.jpg?fit=742%2C413&ssl=1","jetpack_sharing_enabled":true,"_links":{"self":[{"href":"https:\/\/www.iceagetv.com\/radiosite\/wp-json\/wp\/v2\/posts\/22915","targetHints":{"allow":["GET"]}}],"collection":[{"href":"https:\/\/www.iceagetv.com\/radiosite\/wp-json\/wp\/v2\/posts"}],"about":[{"href":"https:\/\/www.iceagetv.com\/radiosite\/wp-json\/wp\/v2\/types\/post"}],"author":[{"embeddable":true,"href":"https:\/\/www.iceagetv.com\/radiosite\/wp-json\/wp\/v2\/users\/2"}],"replies":[{"embeddable":true,"href":"https:\/\/www.iceagetv.com\/radiosite\/wp-json\/wp\/v2\/comments?post=22915"}],"version-history":[{"count":1,"href":"https:\/\/www.iceagetv.com\/radiosite\/wp-json\/wp\/v2\/posts\/22915\/revisions"}],"predecessor-version":[{"id":22917,"href":"https:\/\/www.iceagetv.com\/radiosite\/wp-json\/wp\/v2\/posts\/22915\/revisions\/22917"}],"wp:featuredmedia":[{"embeddable":true,"href":"https:\/\/www.iceagetv.com\/radiosite\/wp-json\/wp\/v2\/media\/22916"}],"wp:attachment":[{"href":"https:\/\/www.iceagetv.com\/radiosite\/wp-json\/wp\/v2\/media?parent=22915"}],"wp:term":[{"taxonomy":"category","embeddable":true,"href":"https:\/\/www.iceagetv.com\/radiosite\/wp-json\/wp\/v2\/categories?post=22915"},{"taxonomy":"post_tag","embeddable":true,"href":"https:\/\/www.iceagetv.com\/radiosite\/wp-json\/wp\/v2\/tags?post=22915"}],"curies":[{"name":"wp","href":"https:\/\/api.w.org\/{rel}","templated":true}]}}