{"id":22922,"date":"2022-11-11T08:28:15","date_gmt":"2022-11-11T08:28:15","guid":{"rendered":"http:\/\/www.iceagetv.com\/radiosite\/?p=22922"},"modified":"2022-11-11T08:28:19","modified_gmt":"2022-11-11T08:28:19","slug":"ocean-viking-apres-3-semaines-derrances-le-navire-est-a-quai-dans-le-port-militaire-de-toulon-depuis-8h30-voici-comment-va-se-derouler-ce-matin-le-debarquement-des-231-migrants-qui-etaient-a-bo","status":"publish","type":"post","link":"https:\/\/www.iceagetv.com\/radiosite\/ocean-viking-apres-3-semaines-derrances-le-navire-est-a-quai-dans-le-port-militaire-de-toulon-depuis-8h30-voici-comment-va-se-derouler-ce-matin-le-debarquement-des-231-migrants-qui-etaient-a-bo\/","title":{"rendered":"Ocean Viking &#8211; Apr\u00e8s 3 semaines d&rsquo;errances, le navire est \u00e0 quai dans le Port militaire de Toulon depuis 8h30 &#8211; Voici comment va se d\u00e9rouler ce matin le d\u00e9barquement des 231 migrants qui \u00e9taient \u00e0 bord"},"content":{"rendered":"\n<p>\u00ab\u00a0Les passagers ont commenc\u00e9 \u00e0 d\u00e9barquer dans le port de Toulon\u00a0\u00bb, d\u00e9clare le pr\u00e9fet du Var lors d&rsquo;un point presse. Et d&rsquo;ajouter : \u00ab\u00a0D\u00e8s la descente \u00e0 terre, les passagers sont pris en charge s\u2019ils ont besoin de recevoir des soins\u00a0\u00bb.<\/p>\n\n\n\n<p><strong>Le navire humanitaire Ocean Viking est d\u00e9sormais \u00e0 quai dans le port militaire de Toulon et doit d\u00e9barquer dans l&rsquo;enceinte de la base navale les 230 migrants qui \u00e9taient \u00e0 bord depuis une vingtaine de jours.<\/strong><\/p>\n\n\n\n<p>Le navire rouge affr\u00e9t\u00e9 par l&rsquo;ONG SOS M\u00e9diterran\u00e9e et op\u00e9r\u00e9 en partenariat avec la F\u00e9d\u00e9ration internationale de la Croix-Rouge est entr\u00e9 dans le port de Toulon vendredi vers 8 heures 30. Apr\u00e8s trois semaines d&rsquo;errance \u00e0 la recherche, vaine, d&rsquo;un port s\u00fbr en Italie, l&rsquo;Ocean Viking, bateau ambulance affr\u00e9t\u00e9 par l&rsquo;ONG fran\u00e7aise SOS M\u00e9diterran\u00e9e accostera \u00e0 Toulon,\u00ab\u00e0 titre exceptionnel\u00bb et en vertu \u00abd&rsquo;un devoir d&rsquo;humanit\u00e9\u00bb, a annonc\u00e9 le ministre fran\u00e7ais de l&rsquo;Int\u00e9rieur G\u00e9rald Darmanin jeudi.Alors que l&rsquo;Ocean Viking doit d\u00e9barquer dans le port militaire de Toulon, neuf pays europ\u00e9ens ont d\u00e9j\u00e0 indiqu\u00e9 qu&rsquo;ils accueilleraient deux tiers des 234 passagers. L&rsquo;Allemagne doit notamment accueillir plus de 80 personnes. La Croatie, la Roumanie, la Bulgarie, la Lituanie, Malte, le Portugal, le Luxembourg et l&rsquo;Irlande se sont \u00e9galement port\u00e9s volontaires, au nom de la \u00ab\u00a0solidarit\u00e9 europ\u00e9enne\u00a0\u00bb.<\/p>\n","protected":false},"excerpt":{"rendered":"<p>\u00ab\u00a0Les passagers ont commenc\u00e9 \u00e0 d\u00e9barquer dans le port de Toulon\u00a0\u00bb, d\u00e9clare le pr\u00e9fet du Var lors d&rsquo;un point presse. Et d&rsquo;ajouter : \u00ab\u00a0D\u00e8s la descente \u00e0 terre, les passagers sont pris en charge s\u2019ils ont besoin de recevoir des soins\u00a0\u00bb. Le navire humanitaire Ocean Viking est d\u00e9sormais \u00e0 quai dans le port militaire de [&hellip;]<\/p>\n","protected":false},"author":2,"featured_media":22923,"comment_status":"open","ping_status":"open","sticky":false,"template":"","format":"standard","meta":{"_jetpack_memberships_contains_paid_content":false,"footnotes":"","jetpack_publicize_message":"","jetpack_publicize_feature_enabled":true,"jetpack_social_post_already_shared":true,"jetpack_social_options":{"image_generator_settings":{"template":"highway","default_image_id":0,"font":"","enabled":false},"version":2},"_wpas_customize_per_network":false},"categories":[405],"tags":[],"class_list":["post-22922","post","type-post","status-publish","format-standard","has-post-thumbnail","hentry","category-actu-france-monde"],"jetpack_publicize_connections":[],"jetpack_featured_media_url":"https:\/\/i0.wp.com\/www.iceagetv.com\/radiosite\/wp-content\/uploads\/2022\/11\/ocean-wiking.png?fit=507%2C276&ssl=1","jetpack_sharing_enabled":true,"_links":{"self":[{"href":"https:\/\/www.iceagetv.com\/radiosite\/wp-json\/wp\/v2\/posts\/22922","targetHints":{"allow":["GET"]}}],"collection":[{"href":"https:\/\/www.iceagetv.com\/radiosite\/wp-json\/wp\/v2\/posts"}],"about":[{"href":"https:\/\/www.iceagetv.com\/radiosite\/wp-json\/wp\/v2\/types\/post"}],"author":[{"embeddable":true,"href":"https:\/\/www.iceagetv.com\/radiosite\/wp-json\/wp\/v2\/users\/2"}],"replies":[{"embeddable":true,"href":"https:\/\/www.iceagetv.com\/radiosite\/wp-json\/wp\/v2\/comments?post=22922"}],"version-history":[{"count":1,"href":"https:\/\/www.iceagetv.com\/radiosite\/wp-json\/wp\/v2\/posts\/22922\/revisions"}],"predecessor-version":[{"id":22924,"href":"https:\/\/www.iceagetv.com\/radiosite\/wp-json\/wp\/v2\/posts\/22922\/revisions\/22924"}],"wp:featuredmedia":[{"embeddable":true,"href":"https:\/\/www.iceagetv.com\/radiosite\/wp-json\/wp\/v2\/media\/22923"}],"wp:attachment":[{"href":"https:\/\/www.iceagetv.com\/radiosite\/wp-json\/wp\/v2\/media?parent=22922"}],"wp:term":[{"taxonomy":"category","embeddable":true,"href":"https:\/\/www.iceagetv.com\/radiosite\/wp-json\/wp\/v2\/categories?post=22922"},{"taxonomy":"post_tag","embeddable":true,"href":"https:\/\/www.iceagetv.com\/radiosite\/wp-json\/wp\/v2\/tags?post=22922"}],"curies":[{"name":"wp","href":"https:\/\/api.w.org\/{rel}","templated":true}]}}