{"id":22939,"date":"2022-11-12T11:56:12","date_gmt":"2022-11-12T11:56:12","guid":{"rendered":"https:\/\/www.iceagetv.com\/radiosite\/?p=22939"},"modified":"2022-11-12T11:56:12","modified_gmt":"2022-11-12T11:56:12","slug":"policier-tue-a-bruxelles-lhopital-assure-navoir-jamais-ete-informe-de-la-dangerosite-du-suspect","status":"publish","type":"post","link":"https:\/\/www.iceagetv.com\/radiosite\/policier-tue-a-bruxelles-lhopital-assure-navoir-jamais-ete-informe-de-la-dangerosite-du-suspect\/","title":{"rendered":"Policier tu\u00e9 \u00e0 Bruxelles: l&rsquo;h\u00f4pital assure n&rsquo;avoir \u00abjamais \u00e9t\u00e9 inform\u00e9\u00bb de la dangerosit\u00e9 du suspect"},"content":{"rendered":"\n<p>Le suspect, Yassine M., un Belge de 32 ans, ancien d\u00e9tenu radicalis\u00e9 fich\u00e9 par les services antiterroristes, a attaqu\u00e9 jeudi soir \u00e0 Bruxelles deux policiers avec un couteau, blessant mortellement l&rsquo;un d\u2019eux. Il s&rsquo;\u00e9tait pr\u00e9sent\u00e9 dans la matin\u00e9e dans un commissariat de la capitale belge en demandant \u00e0 \u00eatre \u00ab<em>pris en charge au niveau psychologique<\/em>\u00bb, selon le parquet de Bruxelles, et avait, apr\u00e8s avis d&rsquo;un magistrat, \u00e9t\u00e9 accompagn\u00e9 \u00e0 l&rsquo;h\u00f4pital Saint-Luc.<\/p>\n\n\n\n<p>L&rsquo;h\u00f4pital indique que l&rsquo;homme s&rsquo;est pr\u00e9sent\u00e9 jeudi au service des urgences vers 11H00, accompagn\u00e9 par trois policiers, \u00ab<em>pour une prise en charge psychologique volontaire<\/em>\u00bb. Apr\u00e8s \u00ab<em>28 minutes<\/em>\u00bb, il a \u00e9t\u00e9 vu par une infirmi\u00e8re, selon l&rsquo;\u00e9tablissement, qui pr\u00e9cise que les policiers ont quitt\u00e9 le service des urgences \u00ab<em>\u00e0 ce moment-l\u00e0 sans avoir jamais inform\u00e9 les membres du personnel des urgences de la dangerosit\u00e9 de la personne<\/em>\u00bb.<\/p>\n\n\n\n<p>L&rsquo;homme a ensuite \u00e9t\u00e9 plac\u00e9 \u00ab<em>en salle d&rsquo;attente pour patienter avant sa prise en charge psychiatrique<\/em>\u00bb, mais \u00ab<em>une vingtaine de minutes plus tard<\/em>\u00bb, l&rsquo;infirmi\u00e8re venant le chercher a constat\u00e9 qu&rsquo;il \u00ab<em>avait quitt\u00e9 la salle d&rsquo;attente et ce, de son plein gr\u00e9<\/em>\u00bb. \u00ab<em>L&rsquo;\u00e9valuation psychiatrique n&rsquo;a donc pas pu avoir lieu<\/em>\u00bb, souligne l&rsquo;h\u00f4pital.<\/p>\n","protected":false},"excerpt":{"rendered":"<p>Le suspect, Yassine M., un Belge de 32 ans, ancien d\u00e9tenu radicalis\u00e9 fich\u00e9 par les services antiterroristes, a attaqu\u00e9 jeudi soir \u00e0 Bruxelles deux policiers avec un couteau, blessant mortellement l&rsquo;un d\u2019eux. Il s&rsquo;\u00e9tait pr\u00e9sent\u00e9 dans la matin\u00e9e dans un commissariat de la capitale belge en demandant \u00e0 \u00eatre \u00abpris en charge au niveau psychologique\u00bb, [&hellip;]<\/p>\n","protected":false},"author":2,"featured_media":22940,"comment_status":"open","ping_status":"open","sticky":false,"template":"","format":"standard","meta":{"_jetpack_memberships_contains_paid_content":false,"footnotes":"","jetpack_publicize_message":"","jetpack_publicize_feature_enabled":true,"jetpack_social_post_already_shared":true,"jetpack_social_options":{"image_generator_settings":{"template":"highway","default_image_id":0,"font":"","enabled":false},"version":2},"_wpas_customize_per_network":false},"categories":[405],"tags":[],"class_list":["post-22939","post","type-post","status-publish","format-standard","has-post-thumbnail","hentry","category-actu-france-monde"],"jetpack_publicize_connections":[],"jetpack_featured_media_url":"https:\/\/i0.wp.com\/www.iceagetv.com\/radiosite\/wp-content\/uploads\/2022\/11\/sJVxEnQZ.jpeg?fit=900%2C473&ssl=1","jetpack_sharing_enabled":true,"_links":{"self":[{"href":"https:\/\/www.iceagetv.com\/radiosite\/wp-json\/wp\/v2\/posts\/22939","targetHints":{"allow":["GET"]}}],"collection":[{"href":"https:\/\/www.iceagetv.com\/radiosite\/wp-json\/wp\/v2\/posts"}],"about":[{"href":"https:\/\/www.iceagetv.com\/radiosite\/wp-json\/wp\/v2\/types\/post"}],"author":[{"embeddable":true,"href":"https:\/\/www.iceagetv.com\/radiosite\/wp-json\/wp\/v2\/users\/2"}],"replies":[{"embeddable":true,"href":"https:\/\/www.iceagetv.com\/radiosite\/wp-json\/wp\/v2\/comments?post=22939"}],"version-history":[{"count":1,"href":"https:\/\/www.iceagetv.com\/radiosite\/wp-json\/wp\/v2\/posts\/22939\/revisions"}],"predecessor-version":[{"id":22941,"href":"https:\/\/www.iceagetv.com\/radiosite\/wp-json\/wp\/v2\/posts\/22939\/revisions\/22941"}],"wp:featuredmedia":[{"embeddable":true,"href":"https:\/\/www.iceagetv.com\/radiosite\/wp-json\/wp\/v2\/media\/22940"}],"wp:attachment":[{"href":"https:\/\/www.iceagetv.com\/radiosite\/wp-json\/wp\/v2\/media?parent=22939"}],"wp:term":[{"taxonomy":"category","embeddable":true,"href":"https:\/\/www.iceagetv.com\/radiosite\/wp-json\/wp\/v2\/categories?post=22939"},{"taxonomy":"post_tag","embeddable":true,"href":"https:\/\/www.iceagetv.com\/radiosite\/wp-json\/wp\/v2\/tags?post=22939"}],"curies":[{"name":"wp","href":"https:\/\/api.w.org\/{rel}","templated":true}]}}