{"id":22957,"date":"2022-11-13T16:40:37","date_gmt":"2022-11-13T16:40:37","guid":{"rendered":"http:\/\/www.iceagetv.com\/radiosite\/?p=22957"},"modified":"2022-11-13T16:40:57","modified_gmt":"2022-11-13T16:40:57","slug":"les-mathematiques-seront-de-nouveau-enseignees-a-tous-les-lyceens-des-la-classe-de-premiere-a-la-rentree-2023-a-annonce-ce-dimanche-leducation-nationale","status":"publish","type":"post","link":"https:\/\/www.iceagetv.com\/radiosite\/les-mathematiques-seront-de-nouveau-enseignees-a-tous-les-lyceens-des-la-classe-de-premiere-a-la-rentree-2023-a-annonce-ce-dimanche-leducation-nationale\/","title":{"rendered":"Les math\u00e9matiques seront de nouveau enseign\u00e9es \u00e0 tous les lyc\u00e9ens d\u00e8s la classe de premi\u00e8re \u00e0 la rentr\u00e9e 2023, a annonc\u00e9 ce dimanche l\u2019\u00c9ducation nationale"},"content":{"rendered":"\n<p>Les math\u00e9matiques seront de nouveau enseign\u00e9es \u00e0 tous les lyc\u00e9ens d\u00e8s la classe de premi\u00e8re \u00e0 la rentr\u00e9e 2023, a annonc\u00e9 ce dimanche l\u2019\u00c9ducation nationale. Une mesure d\u00e9j\u00e0 annonc\u00e9e par Emmanuel Macron en d\u00e9but d\u2019ann\u00e9e. Depuis la r\u00e9forme du Baccalaur\u00e9at, les math\u00e9matiques ne sont plus obligatoires, les \u00e9l\u00e8ves de premi\u00e8re qui d\u00e9sirent faire des maths doivent choisir un enseignement de sp\u00e9cialit\u00e9 sp\u00e9cifique.<\/p>\n\n\n\n<p>Le 2&nbsp;juin, Emmanuel Macron avait confirm\u00e9&nbsp;le retour \u00ab\u00a0non obligatoire\u00a0\u00bb de cette mati\u00e8re dans le tronc commun de premi\u00e8re, d\u00e8s septembre, trois&nbsp;ans apr\u00e8s sa suppression par le ministre de l&rsquo;Education nationale de l&rsquo;\u00e9poque, Jean-Michel Blanquer, dans le cadre de la r\u00e9forme du lyc\u00e9e. Mais&nbsp;l&rsquo;option \u00e9tait jug\u00e9e insuffisante&nbsp;pour une grande partie des acteurs \u00e9ducatifs.&nbsp;<\/p>\n\n\n\n<p>Aujourd\u2019hui, trop d\u2019\u00e9l\u00e8ves quittent notre syst\u00e8me scolaire sans d\u00e9tenir les acquis math\u00e9matiques n\u00e9cessaires\u00a0\u00bb, regrette le minist\u00e8re de l&rsquo;Education nationale dans son communiqu\u00e9. Pour y rem\u00e9dier, le ministre Pap Ndiaye pr\u00e9sente un plan d&rsquo;action allant des classes de primaire au lyc\u00e9e. Au coll\u00e8ge, il s&rsquo;agit notamment d&rsquo;encourager \u00e0 la cr\u00e9ation d&rsquo;un club de maths dans chaque \u00e9tablissement et de mettre ne place des groupes \u00e0 effectifs r\u00e9duits en classe de 6e pour les maths.<\/p>\n","protected":false},"excerpt":{"rendered":"<p>Les math\u00e9matiques seront de nouveau enseign\u00e9es \u00e0 tous les lyc\u00e9ens d\u00e8s la classe de premi\u00e8re \u00e0 la rentr\u00e9e 2023, a annonc\u00e9 ce dimanche l\u2019\u00c9ducation nationale. Une mesure d\u00e9j\u00e0 annonc\u00e9e par Emmanuel Macron en d\u00e9but d\u2019ann\u00e9e. Depuis la r\u00e9forme du Baccalaur\u00e9at, les math\u00e9matiques ne sont plus obligatoires, les \u00e9l\u00e8ves de premi\u00e8re qui d\u00e9sirent faire des maths [&hellip;]<\/p>\n","protected":false},"author":2,"featured_media":22958,"comment_status":"open","ping_status":"open","sticky":false,"template":"","format":"standard","meta":{"_jetpack_memberships_contains_paid_content":false,"footnotes":"","jetpack_publicize_message":"","jetpack_publicize_feature_enabled":true,"jetpack_social_post_already_shared":true,"jetpack_social_options":{"image_generator_settings":{"template":"highway","default_image_id":0,"font":"","enabled":false},"version":2},"_wpas_customize_per_network":false},"categories":[405],"tags":[],"class_list":["post-22957","post","type-post","status-publish","format-standard","has-post-thumbnail","hentry","category-actu-france-monde"],"jetpack_publicize_connections":[],"jetpack_featured_media_url":"https:\/\/i0.wp.com\/www.iceagetv.com\/radiosite\/wp-content\/uploads\/2022\/11\/Les-mathematiques-seront-de-nouveau-enseignees-a-tous-les-lyceens-des-la-classe-de-premiere-a-la-rentree-2023.jpg?fit=679%2C293&ssl=1","jetpack_sharing_enabled":true,"_links":{"self":[{"href":"https:\/\/www.iceagetv.com\/radiosite\/wp-json\/wp\/v2\/posts\/22957","targetHints":{"allow":["GET"]}}],"collection":[{"href":"https:\/\/www.iceagetv.com\/radiosite\/wp-json\/wp\/v2\/posts"}],"about":[{"href":"https:\/\/www.iceagetv.com\/radiosite\/wp-json\/wp\/v2\/types\/post"}],"author":[{"embeddable":true,"href":"https:\/\/www.iceagetv.com\/radiosite\/wp-json\/wp\/v2\/users\/2"}],"replies":[{"embeddable":true,"href":"https:\/\/www.iceagetv.com\/radiosite\/wp-json\/wp\/v2\/comments?post=22957"}],"version-history":[{"count":1,"href":"https:\/\/www.iceagetv.com\/radiosite\/wp-json\/wp\/v2\/posts\/22957\/revisions"}],"predecessor-version":[{"id":22959,"href":"https:\/\/www.iceagetv.com\/radiosite\/wp-json\/wp\/v2\/posts\/22957\/revisions\/22959"}],"wp:featuredmedia":[{"embeddable":true,"href":"https:\/\/www.iceagetv.com\/radiosite\/wp-json\/wp\/v2\/media\/22958"}],"wp:attachment":[{"href":"https:\/\/www.iceagetv.com\/radiosite\/wp-json\/wp\/v2\/media?parent=22957"}],"wp:term":[{"taxonomy":"category","embeddable":true,"href":"https:\/\/www.iceagetv.com\/radiosite\/wp-json\/wp\/v2\/categories?post=22957"},{"taxonomy":"post_tag","embeddable":true,"href":"https:\/\/www.iceagetv.com\/radiosite\/wp-json\/wp\/v2\/tags?post=22957"}],"curies":[{"name":"wp","href":"https:\/\/api.w.org\/{rel}","templated":true}]}}