{"id":22966,"date":"2022-11-14T19:26:37","date_gmt":"2022-11-14T19:26:37","guid":{"rendered":"http:\/\/www.iceagetv.com\/radiosite\/?p=22966"},"modified":"2022-11-14T19:26:40","modified_gmt":"2022-11-14T19:26:40","slug":"grippe-aviaire-quatre-questions-sur-le-confinement-controverse-des-volailles-qui-laisse-craindre-une-hausse-du-prix-des-oeufs","status":"publish","type":"post","link":"https:\/\/www.iceagetv.com\/radiosite\/grippe-aviaire-quatre-questions-sur-le-confinement-controverse-des-volailles-qui-laisse-craindre-une-hausse-du-prix-des-oeufs\/","title":{"rendered":"Grippe aviaire : quatre questions sur le confinement controvers\u00e9 des volailles, qui laisse craindre une hausse du prix des \u0153ufs"},"content":{"rendered":"\n<p>La d\u00e9cision est tomb\u00e9e jeudi 10 novembre. Les volailles de plein air doivent de nouveau \u00eatre confin\u00e9es partout en France&nbsp;<a href=\"https:\/\/www.francetvinfo.fr\/sante\/maladie\/grippe-aviaire\/grippe-aviaire-le-confinement-des-volailles-est-la-seule-solution-pour-le-ministre-de-l-agriculture_5476098.html\">pour tenter d&rsquo;endiguer la grippe aviaire qui a entra\u00een\u00e9 l&rsquo;abattage de plus de 770&nbsp;000 animaux depuis l&rsquo;\u00e9t\u00e9<\/a>. Le niveau de risque li\u00e9 \u00e0 la grippe aviaire a \u00e9t\u00e9 port\u00e9 de&nbsp;<em>\u00ab\u00a0mod\u00e9r\u00e9\u00a0\u00bb<\/em>&nbsp;\u00e0&nbsp;<em>\u00ab\u00a0\u00e9lev\u00e9\u00a0\u00bb<\/em>&nbsp;dans l&rsquo;Hexagone et en Corse par un arr\u00eat\u00e9 publi\u00e9 jeudi au Journal officiel. Franceinfo revient sur cette d\u00e9cision controvers\u00e9e.<\/p>\n\n\n\n<h2 class=\"wp-block-heading\">1Quelle est la situation sanitaire&nbsp;?<\/h2>\n\n\n\n<p>Le virus a recommenc\u00e9 \u00e0 frapper des \u00e9levages fran\u00e7ais d\u00e8s l&rsquo;\u00e9t\u00e9, de mani\u00e8re exceptionnellement pr\u00e9coce apr\u00e8s une saison 2021-2022 catastrophique.&nbsp;<em>\u00ab\u00a0<\/em><em>A la mi-octobre 2022, environ 21,8 millions d&rsquo;animaux (palmip\u00e8des et volailles) avaient \u00e9t\u00e9 abattus en France dans le cadre de la gestion de la crise (ao\u00fbt 2021-mai 2022)\u00a0\u00bb<\/em>, d\u00e9taille&nbsp;<a href=\"https:\/\/agriculture.gouv.fr\/influenza-aviaire-la-situation-en-france\" target=\"_blank\" rel=\"noreferrer noopener\">le minist\u00e8re de l&rsquo;Agriculture sur son site<\/a>.&nbsp;<em>\u00ab\u00a0Les \u00e9leveurs sont traumatis\u00e9s, certains arr\u00eatent de produire pour ne pas revivre le printemps\u00a0\u00bb<\/em>&nbsp;dernier, souligne le pr\u00e9sident de la chambre d&rsquo;agriculture&nbsp;Pays de la Loire-Vend\u00e9e, Jo\u00ebl Limouzin.<br><strong><br><\/strong><em>\u00ab\u00a0A&nbsp;la date du 11 novembre, 52 foyers en \u00e9levage ont \u00e9t\u00e9 confirm\u00e9s depuis le 1er ao\u00fbt\u00a0\u00bb<\/em>, pr\u00e9cise le minist\u00e8re. En l&rsquo;espace de trois mois, plus de 770&nbsp;000 canards, poulets ou poules pondeuses ont d\u00e9j\u00e0 \u00e9t\u00e9 abattus, a appris l&rsquo;AFP aupr\u00e8s du minist\u00e8re.&nbsp;<\/p>\n\n\n\n<h2 class=\"wp-block-heading\">2Comment se justifie&nbsp;le gouvernement&nbsp;?<\/h2>\n\n\n\n<p><em>\u00ab\u00a0Dans un contexte marqu\u00e9 par une persistance in\u00e9dite du virus dans l&rsquo;environnement et une forte activit\u00e9 migratoire d&rsquo;oiseaux sauvages, il est essentiel de renforcer les mesures de pr\u00e9vention pour \u00e9viter la contamination des \u00e9levages de volailles\u00a0\u00bb<\/em>, a justifi\u00e9 le minist\u00e8re de l&rsquo;Agriculture dans un communiqu\u00e9 le 10 novembre. Cela impose la&nbsp;<em>\u00ab\u00a0mise \u00e0 l&rsquo;abri de toutes les volailles\u00a0\u00bb<\/em>, rappelle le minist\u00e8re. Ce dernier pr\u00e9vient&nbsp;: les \u00e9leveurs r\u00e9calcitrants ne pourront pas pr\u00e9tendre pleinement aux indemnisations de l&rsquo;Etat en cas d&rsquo;abattage sanitaire.<\/p>\n\n\n\n<p>Avant m\u00eame la reprise de l&rsquo;\u00e9pizootie pendant l&rsquo;\u00e9t\u00e9, la facture de la grippe aviaire s&rsquo;\u00e9levait pour l&rsquo;Etat fran\u00e7ais \u00e0 plus d&rsquo;un milliard d&rsquo;euros pour indemniser les pertes des professionnels. Les grandes zones de production de volailles (la Bretagne, les&nbsp;Pays de la Loire, ainsi que le d\u00e9partement des Deux-S\u00e8vres) devaient d\u00e9j\u00e0 enfermer les volailles depuis la mi-octobre.&nbsp;<\/p>\n\n\n\n<p>Le gouvernement voit cette d\u00e9cision comme une mesure transitoire en attendant un \u00e9ventuel vaccin.&nbsp;<em>\u00ab\u00a0L&rsquo;objectif pour nous, c&rsquo;est d&rsquo;aider les \u00e9leveurs \u00e0 passer le cap&nbsp;et de faire en sorte que l&rsquo;ann\u00e9e prochaine, avec le vaccin, on ait quelque chose qui permette d&rsquo;aborder plus sereinement la p\u00e9riode\u00a0\u00bb<\/em>&nbsp;avec la mise en place d&rsquo;un vaccin pour prot\u00e9ger les \u00e9levages de canards de la grippe aviaire, a affirm\u00e9 lundi sur&nbsp;<a href=\"https:\/\/www.francebleu.fr\/infos\/agriculture-peche\/grippe-aviaire-confinement-vaccin-indemnisations-marc-fesneau-ministre-de-l-agriculture-1668369896\" target=\"_blank\" rel=\"noreferrer noopener\">France Bleu P\u00e9rigord<\/a>&nbsp;le ministre de l&rsquo;Agriculture. Selon Marc Fesneau, le vaccin est en cours d&rsquo;exp\u00e9rimentation&nbsp;<em>\u00ab\u00a0depuis le mois de juin\u00a0\u00bb<\/em>&nbsp;et les premiers r\u00e9sultats&nbsp;<em>\u00ab\u00a0tangibles\u00a0\u00bb<\/em>&nbsp;sont attendus en&nbsp;<em>\u00ab\u00a0d\u00e9cembre ou janvier\u00a0\u00bb. Le gouvernment<\/em>&nbsp;<em>\u00ab\u00a0nourrit l&rsquo;espoir\u00a0\u00bb<\/em>&nbsp;d&rsquo;avoir&nbsp;<em>\u00ab\u00a0une strat\u00e9gie vaccinale pour la saison prochaine\u00a0\u00bb<\/em>.<\/p>\n\n\n\n<h2 class=\"wp-block-heading\">3Pourquoi cette d\u00e9cision est-elle contest\u00e9e&nbsp;?<\/h2>\n\n\n\n<p>En 2022, les volailles n&rsquo;ont finalement go\u00fbt\u00e9 au grand air que quelques mois.&nbsp;<em>\u00ab\u00a0Confiner, on a bien vu que \u00e7a ne marche pas, \u00e7a ne prot\u00e8ge pas du virus\u00a0\u00bb<\/em>, d\u00e9plore aupr\u00e8s de l&rsquo;AFP Lionel Candelon, \u00e9leveur dans le Gers et pr\u00e9sident de l&rsquo;association Canards en col\u00e8re.<\/p>\n\n\n\n<p>Jugeant que les&nbsp;<em>\u00ab\u00a0fili\u00e8res animales industrielles\u00a0\u00bb<\/em>&nbsp;sont responsables de la diffusion du virus, 22 organisations de d\u00e9fense des petits agriculteurs (Conf\u00e9d\u00e9ration paysanne,&nbsp;Mouvement de d\u00e9fense des exploitants familiaux), de l&rsquo;environnement (France nature environnement, Greenpeace) et des animaux d&rsquo;\u00e9levage (CIWF, Welfarm-Protection mondiale des animaux de ferme) ont appel\u00e9 jeudi le gouvernement \u00e0&nbsp;<em>\u00ab\u00a0changer radicalement de politique face aux \u00e9pizooties\u00a0\u00bb<\/em>. Elles demandent la mise en place d&rsquo;un&nbsp;<em>\u00ab\u00a0principe de protection\u00a0\u00bb<\/em>&nbsp;de l&rsquo;\u00e9levage de plein air dont elles craignent l&rsquo;<em>\u00ab\u00a0effondrement\u00a0\u00bb<\/em>.<\/p>\n\n\n\n<p>Dans le m\u00eame temps, la Conf\u00e9d\u00e9ration paysanne et le collectif Sauve qui poule Poitou se sont eux&nbsp; mobilis\u00e9s contre l&rsquo;abattage pr\u00e9ventif de 3&nbsp;000 poules et pintades dans un \u00e9levage bio \u00e0 Largeasse (Deux-S\u00e8vres), apr\u00e8s la d\u00e9tection de cas de grippe aviaire dans un \u00e9levage voisin de canards. En signe de protestation, et sans les emp\u00eacher d&rsquo;agir, une cinquantaine de personnes ont accueilli le convoi des services v\u00e9t\u00e9rinaires et des prestataires charg\u00e9s d&rsquo;appliquer la d\u00e9cision pr\u00e9fectorale.<\/p>\n\n\n\n<p>Dans son entretien \u00e0 France Bleu P\u00e9rigord, Marc Fesneau a sembl\u00e9 l\u00e2cher du lest, en envisageant&nbsp;la possibilit\u00e9 de demander&nbsp;d&rsquo;<em>\u00ab\u00a0un peu rel\u00e2cher la pression\u00a0\u00bb<\/em>&nbsp;pour certains \u00e9levages de plein air,&nbsp;<em>\u00ab\u00a0de petite taille ou de taille modeste\u00a0\u00bb<\/em>.&nbsp;Cela d\u00e9pendra&nbsp;<em>\u00ab\u00a0des donn\u00e9es scientifiques\u00a0\u00bb et du&nbsp;\u00ab\u00a0risque de contagiosit\u00e9 \u00e0 d&rsquo;autres \u00e9levages\u00a0\u00bb<\/em>, pr\u00e9cise-t-il, l&rsquo;id\u00e9e \u00e9tant<em>&nbsp;\u00ab\u00a0d&rsquo;am\u00e9liorer les choses pour rassurer un peu les \u00e9leveurs\u00a0\u00bb<\/em>.<\/p>\n\n\n\n<h2 class=\"wp-block-heading\">4Quelles sont les potentielles cons\u00e9quences&nbsp;pour les consommateurs&nbsp;?<\/h2>\n\n\n\n<p>La situation&nbsp;<em>\u00ab\u00a0donne des frissons\u00a0\u00bb<\/em>, a d\u00e9clar\u00e9, mercredi, devant la presse le pr\u00e9sident de l&rsquo;interprofession de l&rsquo;\u0153uf. Yves-Marie Beaudet alerte ainsi sur les menaces pesant sur la production nationale d&rsquo;\u0153ufs. L&rsquo;abattage des volailles fait en effet m\u00e9caniquement chuter la production et grimper les prix. Selon&nbsp;<a href=\"https:\/\/www.francetvinfo.fr\/economie\/inflation\/nourriture-carburant-electricite-combien-vous-coute-inflation-au-quotidien-faites-le-calcul-avec-notre-simulateur.html\" target=\"_blank\" rel=\"noreferrer noopener\">le calculateur de franceinfo<\/a>, le prix de la boite de&nbsp;six&nbsp;\u0153ufs&nbsp;a d\u00e9j\u00e0 grimp\u00e9 de 13% depuis septembre 2021.<\/p>\n\n\n\n<p>Par ailleurs, les confinements \u00e0 r\u00e9p\u00e9tition entra\u00eenent la suspension des mentions de l&rsquo;\u00e9levage de plein air dans les cahiers des charges de productions r\u00e9put\u00e9es, comme le canard \u00e0 foie gras du Sud-Ouest ou les \u0153ufs de Lou\u00e9.<\/p>\n","protected":false},"excerpt":{"rendered":"<p>La d\u00e9cision est tomb\u00e9e jeudi 10 novembre. Les volailles de plein air doivent de nouveau \u00eatre confin\u00e9es partout en France&nbsp;pour tenter d&rsquo;endiguer la grippe aviaire qui a entra\u00een\u00e9 l&rsquo;abattage de plus de 770&nbsp;000 animaux depuis l&rsquo;\u00e9t\u00e9. Le niveau de risque li\u00e9 \u00e0 la grippe aviaire a \u00e9t\u00e9 port\u00e9 de&nbsp;\u00ab\u00a0mod\u00e9r\u00e9\u00a0\u00bb&nbsp;\u00e0&nbsp;\u00ab\u00a0\u00e9lev\u00e9\u00a0\u00bb&nbsp;dans l&rsquo;Hexagone et en Corse par un [&hellip;]<\/p>\n","protected":false},"author":2,"featured_media":22967,"comment_status":"open","ping_status":"open","sticky":false,"template":"","format":"standard","meta":{"_jetpack_memberships_contains_paid_content":false,"footnotes":"","jetpack_publicize_message":"","jetpack_publicize_feature_enabled":true,"jetpack_social_post_already_shared":true,"jetpack_social_options":{"image_generator_settings":{"template":"highway","default_image_id":0,"font":"","enabled":false},"version":2},"_wpas_customize_per_network":false},"categories":[405],"tags":[],"class_list":["post-22966","post","type-post","status-publish","format-standard","has-post-thumbnail","hentry","category-actu-france-monde"],"jetpack_publicize_connections":[],"jetpack_featured_media_url":"https:\/\/i0.wp.com\/www.iceagetv.com\/radiosite\/wp-content\/uploads\/2022\/11\/quatre-questions-sur-le-confinement-controverse-des-volailles-qui-laisse-craindre-une-hausse-du-prix-des-oeufs.jpg?fit=791%2C489&ssl=1","jetpack_sharing_enabled":true,"_links":{"self":[{"href":"https:\/\/www.iceagetv.com\/radiosite\/wp-json\/wp\/v2\/posts\/22966","targetHints":{"allow":["GET"]}}],"collection":[{"href":"https:\/\/www.iceagetv.com\/radiosite\/wp-json\/wp\/v2\/posts"}],"about":[{"href":"https:\/\/www.iceagetv.com\/radiosite\/wp-json\/wp\/v2\/types\/post"}],"author":[{"embeddable":true,"href":"https:\/\/www.iceagetv.com\/radiosite\/wp-json\/wp\/v2\/users\/2"}],"replies":[{"embeddable":true,"href":"https:\/\/www.iceagetv.com\/radiosite\/wp-json\/wp\/v2\/comments?post=22966"}],"version-history":[{"count":1,"href":"https:\/\/www.iceagetv.com\/radiosite\/wp-json\/wp\/v2\/posts\/22966\/revisions"}],"predecessor-version":[{"id":22968,"href":"https:\/\/www.iceagetv.com\/radiosite\/wp-json\/wp\/v2\/posts\/22966\/revisions\/22968"}],"wp:featuredmedia":[{"embeddable":true,"href":"https:\/\/www.iceagetv.com\/radiosite\/wp-json\/wp\/v2\/media\/22967"}],"wp:attachment":[{"href":"https:\/\/www.iceagetv.com\/radiosite\/wp-json\/wp\/v2\/media?parent=22966"}],"wp:term":[{"taxonomy":"category","embeddable":true,"href":"https:\/\/www.iceagetv.com\/radiosite\/wp-json\/wp\/v2\/categories?post=22966"},{"taxonomy":"post_tag","embeddable":true,"href":"https:\/\/www.iceagetv.com\/radiosite\/wp-json\/wp\/v2\/tags?post=22966"}],"curies":[{"name":"wp","href":"https:\/\/api.w.org\/{rel}","templated":true}]}}