{"id":22973,"date":"2022-11-15T20:08:44","date_gmt":"2022-11-15T20:08:44","guid":{"rendered":"http:\/\/www.iceagetv.com\/radiosite\/?p=22973"},"modified":"2022-11-15T20:08:48","modified_gmt":"2022-11-15T20:08:48","slug":"trois-des-neuf-hommes-qui-setaient-evades-dun-centre-de-retention-administrative-a-oissel-en-seine-maritime-ont-ete-retrouves-et-condamnes","status":"publish","type":"post","link":"https:\/\/www.iceagetv.com\/radiosite\/trois-des-neuf-hommes-qui-setaient-evades-dun-centre-de-retention-administrative-a-oissel-en-seine-maritime-ont-ete-retrouves-et-condamnes\/","title":{"rendered":"Trois des neuf hommes qui s&rsquo;\u00e9taient \u00e9vad\u00e9s d&rsquo;un centre de r\u00e9tention administrative \u00e0 Oissel en Seine-Maritime ont \u00e9t\u00e9 retrouv\u00e9s et condamn\u00e9s"},"content":{"rendered":"\n<p>Trois des neuf hommes qui s&rsquo;\u00e9taient \u00e9vad\u00e9s mi-octobre d&rsquo;un centre de r\u00e9tention administrative (CRA) install\u00e9 dans les locaux d&rsquo;une \u00e9cole de police \u00e0 Oissel (Seine-Maritime) ont \u00e9t\u00e9 retrouv\u00e9s et condamn\u00e9s, a-t-on appris aupr\u00e8s du parquet de Rouen.<\/p>\n\n\n\n<p>Un premier \u00e9vad\u00e9, un Tunisien de 25 ans, qui avait \u00e9t\u00e9 retrouv\u00e9 le 22 octobre \u00e0 Brest, a \u00e9t\u00e9 condamn\u00e9 \u00e0 quatre mois de prison avec sursis par le tribunal correctionnel de Rouen. Le parquet a fait appel, \u00abestimant qu&rsquo;une peine ferme avec mandat de d\u00e9p\u00f4t \u00e9tait n\u00e9cessaire pour r\u00e9primer ce type de faits\u00bb, a expliqu\u00e9 \u00e0 l&rsquo;AFP le procureur de la R\u00e9publique de Rouen Fr\u00e9d\u00e9ric Teillet.<\/p>\n\n\n\n<p>Deux autres fugitifs, un S\u00e9n\u00e9galais de 18 ans retrouv\u00e9 le 9 novembre \u00e0 Paris et un Alg\u00e9rien de 25 ans arr\u00eat\u00e9 \u00e0 Saint-Nazaire le 11 novembre, ont \u00e9t\u00e9 condamn\u00e9s lundi par le tribunal correctionnel de Rouen pour soustraction en r\u00e9union \u00e0 une r\u00e9tention administrative. Le fugitif s\u00e9n\u00e9galais a \u00e9t\u00e9 condamn\u00e9 \u00e0 quatre mois de prison ferme avec mandat de d\u00e9p\u00f4t tandis que l&rsquo;\u00e9vad\u00e9 tunisien a \u00e9cop\u00e9 de cinq mois ferme, \u00e9galement avec mandat de d\u00e9p\u00f4t.<\/p>\n\n\n\n<p>Consid\u00e9r\u00e9 comme v\u00e9tuste, le CRA de Rouen-Oissel a fait l&rsquo;objet en 2018 d&rsquo;un rapport de la Cimade, qui intervient aupr\u00e8s des \u00e9trangers. Dans ce document, l&rsquo;association confirmait la v\u00e9tust\u00e9 du CRA d\u2019Oissel.<\/p>\n\n\n\n<p>Le syndicat Unsa police de Seine-Maritime a demand\u00e9 \u00abune enveloppe budg\u00e9taire pour la r\u00e9alisation de travaux au CRA pour la s\u00e9curit\u00e9 de nos coll\u00e8gues et pour que ce genre de situation ne puisse plus se reproduire\u00bb, soulignant que le b\u00e2timent en cause, \u00absitu\u00e9 dans l&rsquo;enceinte de l&rsquo;\u00e9cole de police n&rsquo;\u00e9tait pas vraiment adapt\u00e9\u00bb.<\/p>\n","protected":false},"excerpt":{"rendered":"<p>Trois des neuf hommes qui s&rsquo;\u00e9taient \u00e9vad\u00e9s mi-octobre d&rsquo;un centre de r\u00e9tention administrative (CRA) install\u00e9 dans les locaux d&rsquo;une \u00e9cole de police \u00e0 Oissel (Seine-Maritime) ont \u00e9t\u00e9 retrouv\u00e9s et condamn\u00e9s, a-t-on appris aupr\u00e8s du parquet de Rouen. Un premier \u00e9vad\u00e9, un Tunisien de 25 ans, qui avait \u00e9t\u00e9 retrouv\u00e9 le 22 octobre \u00e0 Brest, a [&hellip;]<\/p>\n","protected":false},"author":2,"featured_media":22974,"comment_status":"open","ping_status":"open","sticky":false,"template":"","format":"standard","meta":{"_jetpack_memberships_contains_paid_content":false,"footnotes":"","jetpack_publicize_message":"","jetpack_publicize_feature_enabled":true,"jetpack_social_post_already_shared":true,"jetpack_social_options":{"image_generator_settings":{"template":"highway","default_image_id":0,"font":"","enabled":false},"version":2},"_wpas_customize_per_network":false},"categories":[405],"tags":[],"class_list":["post-22973","post","type-post","status-publish","format-standard","has-post-thumbnail","hentry","category-actu-france-monde"],"jetpack_publicize_connections":[],"jetpack_featured_media_url":"https:\/\/i0.wp.com\/www.iceagetv.com\/radiosite\/wp-content\/uploads\/2022\/11\/Trois-des-neuf-hommes-qui-setaient-evades-dun-centre-de-retention-administrative-a-Oissel.jpg?fit=679%2C293&ssl=1","jetpack_sharing_enabled":true,"_links":{"self":[{"href":"https:\/\/www.iceagetv.com\/radiosite\/wp-json\/wp\/v2\/posts\/22973","targetHints":{"allow":["GET"]}}],"collection":[{"href":"https:\/\/www.iceagetv.com\/radiosite\/wp-json\/wp\/v2\/posts"}],"about":[{"href":"https:\/\/www.iceagetv.com\/radiosite\/wp-json\/wp\/v2\/types\/post"}],"author":[{"embeddable":true,"href":"https:\/\/www.iceagetv.com\/radiosite\/wp-json\/wp\/v2\/users\/2"}],"replies":[{"embeddable":true,"href":"https:\/\/www.iceagetv.com\/radiosite\/wp-json\/wp\/v2\/comments?post=22973"}],"version-history":[{"count":1,"href":"https:\/\/www.iceagetv.com\/radiosite\/wp-json\/wp\/v2\/posts\/22973\/revisions"}],"predecessor-version":[{"id":22975,"href":"https:\/\/www.iceagetv.com\/radiosite\/wp-json\/wp\/v2\/posts\/22973\/revisions\/22975"}],"wp:featuredmedia":[{"embeddable":true,"href":"https:\/\/www.iceagetv.com\/radiosite\/wp-json\/wp\/v2\/media\/22974"}],"wp:attachment":[{"href":"https:\/\/www.iceagetv.com\/radiosite\/wp-json\/wp\/v2\/media?parent=22973"}],"wp:term":[{"taxonomy":"category","embeddable":true,"href":"https:\/\/www.iceagetv.com\/radiosite\/wp-json\/wp\/v2\/categories?post=22973"},{"taxonomy":"post_tag","embeddable":true,"href":"https:\/\/www.iceagetv.com\/radiosite\/wp-json\/wp\/v2\/tags?post=22973"}],"curies":[{"name":"wp","href":"https:\/\/api.w.org\/{rel}","templated":true}]}}