{"id":22980,"date":"2022-11-16T09:29:09","date_gmt":"2022-11-16T09:29:09","guid":{"rendered":"http:\/\/www.iceagetv.com\/radiosite\/?p=22980"},"modified":"2022-11-16T09:29:13","modified_gmt":"2022-11-16T09:29:13","slug":"corrida-la-proposition-de-loi-seme-le-bazar-a-lassemblee-nationale","status":"publish","type":"post","link":"https:\/\/www.iceagetv.com\/radiosite\/corrida-la-proposition-de-loi-seme-le-bazar-a-lassemblee-nationale\/","title":{"rendered":"Corrida : la proposition de loi s\u00e8me le bazar \u00e0 l&rsquo;Assembl\u00e9e nationale"},"content":{"rendered":"\n<p><strong>Le texte du d\u00e9put\u00e9 LFI Aymeric Caron visant \u00e0 interdire la corrida divise tr\u00e8s fortement au sein de la majorit\u00e9 pr\u00e9sidentielle mais \u00e9galement au Rassemblement national. M\u00eame dans les rangs de la Nupes,&nbsp;l&rsquo;interdiction de la corrida ne fait pas l&rsquo;unanimit\u00e9.<\/strong><\/p>\n\n\n\n<p>Faut-il interdire totalement la corrida ? La question anime le d\u00e9bat public et l&rsquo;Assembl\u00e9e nationale, qui d\u00e9bat pour la premi\u00e8re fois\u00a0une proposition de loi de\u00a0<a href=\"https:\/\/www.europe1.fr\/dossiers\/jean-luc-melenchon\">La France Insoumise<\/a>\u00a0qui propose d&rsquo;interdire cette pratique dans tout le territoire.\u00a0Le texte sera discut\u00e9 jeudi 24 novembre dans l&rsquo;h\u00e9micycle apr\u00e8s un passage en commission des lois ce mercredi.\u00a0Les familles politiques sont divis\u00e9es \u00e0 ce sujet y compris au sein m\u00eame de la majorit\u00e9.<\/p>\n\n\n\n<h2 class=\"wp-block-heading\">Une classe politique divis\u00e9e&nbsp;<\/h2>\n\n\n\n<p>Le gouvernement s&rsquo;estime d\u00e9favorable \u00e0 l&rsquo;interdiction de la corrida mais marche tout de m\u00eame sur des \u0153ufs.\u00a0Apr\u00e8s quelques atermoiements, la secr\u00e9taire d&rsquo;\u00c9tat\u00a0\u00e0 la ruralit\u00e9, Dominique Faure, a \u00e9t\u00e9 charg\u00e9e de s&rsquo;opposer au texte.\u00a0La secr\u00e9taire\u00a0d&rsquo;\u00c9tat\u00a0a pour qualit\u00e9 d&rsquo;\u00eatre moins clivante et m\u00e9diatique que certains de ses coll\u00e8gues \u00e0 l&rsquo;instar\u00a0<a href=\"https:\/\/www.europe1.fr\/dossiers\/eric-dupond-morretti\">d&rsquo;\u00c9ric Dupond-Moretti<\/a>. Le garde des Sceaux, un fervent d\u00e9fenseur de la corrida, \u00e9tait pourtant pr\u00eat \u00e0 en d\u00e9coudre. Pourtant, l&rsquo;ex\u00e9cutif a choisi de tout faire pour \u00e9viter que les d\u00e9bats ne s&rsquo;\u00e9lectrisent.Pas de consigne donn\u00e9e non plus au Rassemblement national. Les troupes de\u00a0<a href=\"https:\/\/www.europe1.fr\/dossiers\/marine-le-pen\">Marine Le Pen<\/a>\u00a0sont elles aussi tr\u00e8s partag\u00e9es sur la question. M\u00eame dans les rangs de la Nupes, l&rsquo;interdiction de la corrida ne fait pas l&rsquo;unanimit\u00e9. Le texte ne figure d&rsquo;ailleurs qu&rsquo;en quatri\u00e8me position de la niche parlementaire des Insoumis. Cela pourrait emp\u00eacher un vote la semaine prochaine si les d\u00e9bats tra\u00eenent en longueur.\u00a0<\/p>\n","protected":false},"excerpt":{"rendered":"<p>Le texte du d\u00e9put\u00e9 LFI Aymeric Caron visant \u00e0 interdire la corrida divise tr\u00e8s fortement au sein de la majorit\u00e9 pr\u00e9sidentielle mais \u00e9galement au Rassemblement national. M\u00eame dans les rangs de la Nupes,&nbsp;l&rsquo;interdiction de la corrida ne fait pas l&rsquo;unanimit\u00e9. Faut-il interdire totalement la corrida ? La question anime le d\u00e9bat public et l&rsquo;Assembl\u00e9e nationale, [&hellip;]<\/p>\n","protected":false},"author":2,"featured_media":22981,"comment_status":"open","ping_status":"open","sticky":false,"template":"","format":"standard","meta":{"_jetpack_memberships_contains_paid_content":false,"footnotes":"","jetpack_publicize_message":"","jetpack_publicize_feature_enabled":true,"jetpack_social_post_already_shared":true,"jetpack_social_options":{"image_generator_settings":{"template":"highway","default_image_id":0,"font":"","enabled":false},"version":2},"_wpas_customize_per_network":false},"categories":[405],"tags":[],"class_list":["post-22980","post","type-post","status-publish","format-standard","has-post-thumbnail","hentry","category-actu-france-monde"],"jetpack_publicize_connections":[],"jetpack_featured_media_url":"https:\/\/i0.wp.com\/www.iceagetv.com\/radiosite\/wp-content\/uploads\/2022\/11\/Corrida.jpg?fit=680%2C340&ssl=1","jetpack_sharing_enabled":true,"_links":{"self":[{"href":"https:\/\/www.iceagetv.com\/radiosite\/wp-json\/wp\/v2\/posts\/22980","targetHints":{"allow":["GET"]}}],"collection":[{"href":"https:\/\/www.iceagetv.com\/radiosite\/wp-json\/wp\/v2\/posts"}],"about":[{"href":"https:\/\/www.iceagetv.com\/radiosite\/wp-json\/wp\/v2\/types\/post"}],"author":[{"embeddable":true,"href":"https:\/\/www.iceagetv.com\/radiosite\/wp-json\/wp\/v2\/users\/2"}],"replies":[{"embeddable":true,"href":"https:\/\/www.iceagetv.com\/radiosite\/wp-json\/wp\/v2\/comments?post=22980"}],"version-history":[{"count":1,"href":"https:\/\/www.iceagetv.com\/radiosite\/wp-json\/wp\/v2\/posts\/22980\/revisions"}],"predecessor-version":[{"id":22982,"href":"https:\/\/www.iceagetv.com\/radiosite\/wp-json\/wp\/v2\/posts\/22980\/revisions\/22982"}],"wp:featuredmedia":[{"embeddable":true,"href":"https:\/\/www.iceagetv.com\/radiosite\/wp-json\/wp\/v2\/media\/22981"}],"wp:attachment":[{"href":"https:\/\/www.iceagetv.com\/radiosite\/wp-json\/wp\/v2\/media?parent=22980"}],"wp:term":[{"taxonomy":"category","embeddable":true,"href":"https:\/\/www.iceagetv.com\/radiosite\/wp-json\/wp\/v2\/categories?post=22980"},{"taxonomy":"post_tag","embeddable":true,"href":"https:\/\/www.iceagetv.com\/radiosite\/wp-json\/wp\/v2\/tags?post=22980"}],"curies":[{"name":"wp","href":"https:\/\/api.w.org\/{rel}","templated":true}]}}