{"id":22986,"date":"2022-11-17T10:11:46","date_gmt":"2022-11-17T10:11:46","guid":{"rendered":"http:\/\/www.iceagetv.com\/radiosite\/?p=22986"},"modified":"2022-11-17T10:12:26","modified_gmt":"2022-11-17T10:12:26","slug":"gard-le-conseil-d-etat-confirme-linterdiction-de-la-creche-de-noel-a-la-mairie-de-beaucaire-ne-reconnaissant-pas-le-caractere-traditionnel-et-festif-de-linstallation","status":"publish","type":"post","link":"https:\/\/www.iceagetv.com\/radiosite\/gard-le-conseil-d-etat-confirme-linterdiction-de-la-creche-de-noel-a-la-mairie-de-beaucaire-ne-reconnaissant-pas-le-caractere-traditionnel-et-festif-de-linstallation\/","title":{"rendered":"Gard : Le Conseil d Etat confirme l&rsquo;interdiction de la cr\u00e8che de No\u00ebl \u00e0 la Mairie de Beaucaire ne reconnaissant pas le caract\u00e8re \u00ab\u00a0traditionnel et festif\u00a0\u00bb de l&rsquo;installation"},"content":{"rendered":"\n<p>Il n&rsquo;y aura donc pas de cr\u00e8che \u00e0 la Mairie pour les f\u00eates de fin d&rsquo;ann\u00e9e. Le recours de la mairie Rassemblement national de Beaucaire contre une d\u00e9cision de justice lui ordonnant de retirer les santons install\u00e9s dans l\u2019h\u00f4tel de ville a \u00e9t\u00e9 rejet\u00e9 ce mercredi par le Conseil d\u2019\u00c9tat.&nbsp;<\/p>\n\n\n\n<p>L\u2019affaire remonte \u00e0 d\u00e9cembre 2020, lorsque Julien Sanchez, le maire (RN) de la commune, a pris la d\u00e9cision d\u2019installer sa cr\u00e8che de la nativit\u00e9 \u00e0 l\u2019int\u00e9rieur de l\u2019h\u00f4tel de ville du 3 d\u00e9cembre au 2 f\u00e9vrier 2021.&nbsp;<strong>Mais le tribunal administratif de N\u00eemes, saisi par le pr\u00e9fet du Gard, avait ordonn\u00e9 \u00e0 l\u2019\u00e9poque en r\u00e9f\u00e9r\u00e9 \u00ab la suspension de l\u2019ex\u00e9cution de la d\u00e9cision \u00bb.<\/strong><\/p>\n\n\n\n<p>La municipalit\u00e9 avait fait appel de ce jugement, mettant en avant le fait que \u00ab la cr\u00e8che en cause, certes install\u00e9e dans l\u2019h\u00f4tel de ville, pr\u00e9sente un caract\u00e8re culturel, artistique ou festif \u00bb.<\/p>\n\n\n\n<p>Un mois plus tard, en janvier 2021, le juge des r\u00e9f\u00e9r\u00e9s de la cour administrative d\u2019appel de Marseille avait rejet\u00e9 la requ\u00eate beaucairoise et enjoint la commune de \u00ab proc\u00e9der \u00e0 l\u2019enl\u00e8vement de la cr\u00e8che \u00bb sous peine d\u2019astreinte, une d\u00e9cision confirm\u00e9e sur le fond en septembre 2021 par la cour administrative de Marseille.<\/p>\n\n\n\n<p>Le maire de Beaucaire, Julien Sanchez, avait annonc\u00e9 une plainte devant le Conseil d\u2019\u00c9tat pour \u00ab discrimination \u00bb. \u00c0 l\u2019audience, en octobre, la commune de Beaucaire a soutenu que la d\u00e9cision de la cour administrative de Marseille \u00e9tait entach\u00e9e de diverses erreurs en estimant que l\u2019installation d\u2019une cr\u00e8che dans l\u2019h\u00f4tel de ville \u00ab ne reposait pas sur des circonstances particuli\u00e8res permettant de d\u00e9roger \u00e0 l\u2019interdiction d\u2019une telle installation au si\u00e8ge d\u2019une collectivit\u00e9 publique\u00bb.<\/p>\n\n\n\n<p>Dans son arr\u00eat ce mercredi, la plus haute juridiction a estim\u00e9 qu\u2019aucun des arguments de la ville n\u2019\u00e9tait \u00ab de nature \u00e0 permettre l\u2019admission du pourvoi \u00bb et a donc d\u00e9cid\u00e9 qu\u2019il n\u2019\u00e9tait \u00ab pas admis \u00bb.<\/p>\n","protected":false},"excerpt":{"rendered":"<p>Il n&rsquo;y aura donc pas de cr\u00e8che \u00e0 la Mairie pour les f\u00eates de fin d&rsquo;ann\u00e9e. Le recours de la mairie Rassemblement national de Beaucaire contre une d\u00e9cision de justice lui ordonnant de retirer les santons install\u00e9s dans l\u2019h\u00f4tel de ville a \u00e9t\u00e9 rejet\u00e9 ce mercredi par le Conseil d\u2019\u00c9tat.&nbsp; L\u2019affaire remonte \u00e0 d\u00e9cembre 2020, [&hellip;]<\/p>\n","protected":false},"author":2,"featured_media":22987,"comment_status":"open","ping_status":"open","sticky":false,"template":"","format":"standard","meta":{"_jetpack_memberships_contains_paid_content":false,"footnotes":"","jetpack_publicize_message":"","jetpack_publicize_feature_enabled":true,"jetpack_social_post_already_shared":true,"jetpack_social_options":{"image_generator_settings":{"template":"highway","default_image_id":0,"font":"","enabled":false},"version":2},"_wpas_customize_per_network":false},"categories":[405],"tags":[],"class_list":["post-22986","post","type-post","status-publish","format-standard","has-post-thumbnail","hentry","category-actu-france-monde"],"jetpack_publicize_connections":[],"jetpack_featured_media_url":"https:\/\/i0.wp.com\/www.iceagetv.com\/radiosite\/wp-content\/uploads\/2022\/11\/Le-Conseil-d-Etat-confirme-linterdiction-de-la-creche-de-Noel-a-la-Mairie.jpg?fit=849%2C356&ssl=1","jetpack_sharing_enabled":true,"_links":{"self":[{"href":"https:\/\/www.iceagetv.com\/radiosite\/wp-json\/wp\/v2\/posts\/22986","targetHints":{"allow":["GET"]}}],"collection":[{"href":"https:\/\/www.iceagetv.com\/radiosite\/wp-json\/wp\/v2\/posts"}],"about":[{"href":"https:\/\/www.iceagetv.com\/radiosite\/wp-json\/wp\/v2\/types\/post"}],"author":[{"embeddable":true,"href":"https:\/\/www.iceagetv.com\/radiosite\/wp-json\/wp\/v2\/users\/2"}],"replies":[{"embeddable":true,"href":"https:\/\/www.iceagetv.com\/radiosite\/wp-json\/wp\/v2\/comments?post=22986"}],"version-history":[{"count":1,"href":"https:\/\/www.iceagetv.com\/radiosite\/wp-json\/wp\/v2\/posts\/22986\/revisions"}],"predecessor-version":[{"id":22988,"href":"https:\/\/www.iceagetv.com\/radiosite\/wp-json\/wp\/v2\/posts\/22986\/revisions\/22988"}],"wp:featuredmedia":[{"embeddable":true,"href":"https:\/\/www.iceagetv.com\/radiosite\/wp-json\/wp\/v2\/media\/22987"}],"wp:attachment":[{"href":"https:\/\/www.iceagetv.com\/radiosite\/wp-json\/wp\/v2\/media?parent=22986"}],"wp:term":[{"taxonomy":"category","embeddable":true,"href":"https:\/\/www.iceagetv.com\/radiosite\/wp-json\/wp\/v2\/categories?post=22986"},{"taxonomy":"post_tag","embeddable":true,"href":"https:\/\/www.iceagetv.com\/radiosite\/wp-json\/wp\/v2\/tags?post=22986"}],"curies":[{"name":"wp","href":"https:\/\/api.w.org\/{rel}","templated":true}]}}