{"id":2299,"date":"2015-06-23T16:41:12","date_gmt":"2015-06-23T16:41:12","guid":{"rendered":"http:\/\/www.iceagetv.com\/radiosite\/?p=2299"},"modified":"2015-06-23T16:41:12","modified_gmt":"2015-06-23T16:41:12","slug":"les-controleurs-aeriens-appeles-a-la-greve-les-2-et-3-juillet","status":"publish","type":"post","link":"https:\/\/www.iceagetv.com\/radiosite\/les-controleurs-aeriens-appeles-a-la-greve-les-2-et-3-juillet\/","title":{"rendered":"Les contr\u00f4leurs a\u00e9riens appel\u00e9s \u00e0 la gr\u00e8ve les 2 et 3 juillet"},"content":{"rendered":"<p>\n\tDeux syndicats appellent les contr&ocirc;leurs a&eacute;riens &agrave; faire gr&egrave;ve les 2 et 3 juillet prochain. En cause: leur r&eacute;mun&eacute;ration et les moyens allou&eacute;s &agrave; la navigation a&eacute;rienne.\n<\/p>\n<p>\n\tDe nombreux voyageurs risquent de voir&nbsp;leurs vacances&nbsp;quelque peu perturb&eacute;es.&nbsp;Les contr&ocirc;leurs a&eacute;riens&nbsp;sont appel&eacute;s &agrave; la gr&egrave;ve les 2 et 3 juillet par deux syndicats, dont le SNCTA, premi&egrave;re organisation chez les aiguilleurs. Les deux syndicats d&eacute;noncent une perte de r&eacute;mun&eacute;ration li&eacute;e &agrave; la suppression ou &agrave; la refonte de diverses indemnit&eacute;s et r&eacute;clament leur compensation.&nbsp;\n<\/p>\n<p>\n\tLa&nbsp;Direction g&eacute;n&eacute;rale de l&#39;aviation civile&nbsp;(DGAC) a confirm&eacute; le d&eacute;p&ocirc;t de deux pr&eacute;avis &agrave; la veille de la premi&egrave;re vague des d&eacute;parts en vacances d&#39;&eacute;t&eacute;, l&#39;un &eacute;manant du SNCTA. Ce dernier repr&eacute;sente 49,8% des voix parmi les 4000 contr&ocirc;leurs a&eacute;riens.&nbsp;\n<\/p>\n<p>\n\tDes revendications multiples\n<\/p>\n<p>\n\tAlors que les diff&eacute;rents &Eacute;tats membres de l&#39;Union europ&eacute;enne doivent remettre le 2 juillet leurs plans de performance r&eacute;vis&eacute;s pour 2015-2019, les aiguilleurs s&#39;inqui&egrave;tent &eacute;galement d&#39;une possible correction &agrave; la baisse des moyens pr&eacute;vus initialement. &quot;Nous demandons au gouvernement de ne pas plier face aux injonctions de la Commission europ&eacute;enne et de respecter les engagements pris envers nous il y a un an&quot;, sur la hausse de la redevance, a expliqu&eacute; Roger Rousseau, secr&eacute;taire national du SNCTA.&nbsp;\n<\/p>\n<p>\n\tLe SNCTA ajoute de nombreuses autres revendications, dont la &quot;d&eacute;finition d&#39;une politique de recrutement adapt&eacute;e. Le syndicat souhaite la mise en place d&#39;une &quot;circulaire interpr&eacute;tative&quot; pour clarifier l&#39;&acirc;ge limite de d&eacute;part &agrave; la retraite des fonctionnaires, pr&eacute;vu pour reculer de 57 &agrave; 59 ans. Selon le syndicat, &quot;700 contr&ocirc;leurs n&eacute;s entre 1959 et 1964 ne savent pas &agrave; quel &acirc;ge ils vont partir &agrave; la retraite&quot;\n<\/p>\n<p>\n\t&nbsp;<\/p>\n","protected":false},"excerpt":{"rendered":"<p>Deux syndicats appellent les contr&ocirc;leurs a&eacute;riens &agrave; faire gr&egrave;ve les 2 et 3 juillet prochain. En cause: leur r&eacute;mun&eacute;ration et les moyens allou&eacute;s &agrave; la navigation a&eacute;rienne. De nombreux voyageurs risquent de voir&nbsp;leurs vacances&nbsp;quelque peu perturb&eacute;es.&nbsp;Les contr&ocirc;leurs a&eacute;riens&nbsp;sont appel&eacute;s &agrave; la gr&egrave;ve les 2 et 3 juillet par deux syndicats, dont le SNCTA, premi&egrave;re organisation [&hellip;]<\/p>\n","protected":false},"author":2,"featured_media":2300,"comment_status":"open","ping_status":"open","sticky":false,"template":"","format":"standard","meta":{"_jetpack_memberships_contains_paid_content":false,"footnotes":"","jetpack_publicize_message":"","jetpack_publicize_feature_enabled":true,"jetpack_social_post_already_shared":false,"jetpack_social_options":{"image_generator_settings":{"template":"highway","default_image_id":0,"font":"","enabled":false},"version":2},"_wpas_customize_per_network":false},"categories":[405],"tags":[522],"class_list":["post-2299","post","type-post","status-publish","format-standard","has-post-thumbnail","hentry","category-actu-france-monde","tag-sncta"],"jetpack_publicize_connections":[],"jetpack_featured_media_url":"https:\/\/i0.wp.com\/www.iceagetv.com\/radiosite\/wp-content\/uploads\/2015\/06\/greva-avion.jpg?fit=2000%2C1120&ssl=1","jetpack_sharing_enabled":true,"_links":{"self":[{"href":"https:\/\/www.iceagetv.com\/radiosite\/wp-json\/wp\/v2\/posts\/2299","targetHints":{"allow":["GET"]}}],"collection":[{"href":"https:\/\/www.iceagetv.com\/radiosite\/wp-json\/wp\/v2\/posts"}],"about":[{"href":"https:\/\/www.iceagetv.com\/radiosite\/wp-json\/wp\/v2\/types\/post"}],"author":[{"embeddable":true,"href":"https:\/\/www.iceagetv.com\/radiosite\/wp-json\/wp\/v2\/users\/2"}],"replies":[{"embeddable":true,"href":"https:\/\/www.iceagetv.com\/radiosite\/wp-json\/wp\/v2\/comments?post=2299"}],"version-history":[{"count":1,"href":"https:\/\/www.iceagetv.com\/radiosite\/wp-json\/wp\/v2\/posts\/2299\/revisions"}],"predecessor-version":[{"id":2301,"href":"https:\/\/www.iceagetv.com\/radiosite\/wp-json\/wp\/v2\/posts\/2299\/revisions\/2301"}],"wp:featuredmedia":[{"embeddable":true,"href":"https:\/\/www.iceagetv.com\/radiosite\/wp-json\/wp\/v2\/media\/2300"}],"wp:attachment":[{"href":"https:\/\/www.iceagetv.com\/radiosite\/wp-json\/wp\/v2\/media?parent=2299"}],"wp:term":[{"taxonomy":"category","embeddable":true,"href":"https:\/\/www.iceagetv.com\/radiosite\/wp-json\/wp\/v2\/categories?post=2299"},{"taxonomy":"post_tag","embeddable":true,"href":"https:\/\/www.iceagetv.com\/radiosite\/wp-json\/wp\/v2\/tags?post=2299"}],"curies":[{"name":"wp","href":"https:\/\/api.w.org\/{rel}","templated":true}]}}