{"id":22996,"date":"2022-11-18T14:38:11","date_gmt":"2022-11-18T14:38:11","guid":{"rendered":"http:\/\/www.iceagetv.com\/radiosite\/?p=22996"},"modified":"2022-11-18T14:38:11","modified_gmt":"2022-11-18T14:38:11","slug":"drame-de-millas-la-conductrice-du-car-scolaire-condamnee-a-cinq-ans-de-prison-dont-quatre-avec-sursis","status":"publish","type":"post","link":"https:\/\/www.iceagetv.com\/radiosite\/drame-de-millas-la-conductrice-du-car-scolaire-condamnee-a-cinq-ans-de-prison-dont-quatre-avec-sursis\/","title":{"rendered":"Drame de Millas: La conductrice du car scolaire condamn\u00e9e \u00e0 cinq ans de prison, dont quatre avec sursis"},"content":{"rendered":"\n<p>La conductrice du car scolaire a-t-elle \u00ab\u00a0faut\u00e9\u00a0\u00bb ce jour de d\u00e9cembre 2017, en s&rsquo;engageant sur le passage \u00e0 niveau de Millas? La justice a r\u00e9pondu ce vendredi, cinq ans apr\u00e8s la collision avec un TER qui a co\u00fbt\u00e9 la vie \u00e0 six enfants. Le tribunal correctionnel de Marseille, seule ville avec Paris \u00e0 accueillir un p\u00f4le sp\u00e9cialis\u00e9 dans les accidents collectifs, a condamn\u00e9 la conductrice cinq ans de prison, dont quatre avec sursis.<\/p>\n\n\n\n<p>Jeudi 22 septembre, quatre jours \u00e0 peine apr\u00e8s l&rsquo;ouverture de son proc\u00e8s pour homicides et blessures involontaires, Nadine Oliveira, 53 ans, avait \u00e9t\u00e9 comme \u00ab\u00a0foudroy\u00e9e\u00a0\u00bb, selon les mots de l&rsquo;un de ses avocats. Prise d&rsquo;une crise de larmes irr\u00e9pressible, elle avait fini par \u00eatre \u00e9vacu\u00e9e par les marins-pompiers.<\/p>\n\n\n\n<p>Entendre les r\u00e9cits d\u00e9chirants de certains des 17 adolescents bless\u00e9s dans ce drame, le 14 d\u00e9cembre 2017, dans les Pyr\u00e9n\u00e9es-Orientales, l&rsquo;a beaucoup \u00ab\u00a0affect\u00e9e\u00a0\u00bb: pour la premi\u00e8re fois, elle visualisait les blessures des enfants, \u00ab\u00a0c&rsquo;\u00e9tait comme si la r\u00e9alit\u00e9 surgissait, alors que jusqu&rsquo;\u00e0 pr\u00e9sent, tout cela restait tr\u00e8s th\u00e9orique pour elle\u00a0\u00bb, a comment\u00e9 son avocat, Me Jean Codogn\u00e8s, aupr\u00e8s de l&rsquo;AFP.<\/p>\n\n\n\n<p>Absente des deux derni\u00e8res semaines de son proc\u00e8s, Mme Oliveira, seule pr\u00e9venue dans ce dossier, a d&rsquo;abord \u00e9t\u00e9 admise en cardiologie, avant de rejoindre un h\u00f4pital psychiatrique de Marseille. Son avocat esp\u00e8re une relaxe, mais le procureur Michel Sastre a lui requis une peine de cinq ans d&#8217;emprisonnement, dont quatre avec sursis probatoire, assortie d&rsquo;obligations de soins et d&rsquo;indemnisation des victimes. Il a \u00e9galement demand\u00e9 l&rsquo;annulation de ses permis de conduire de tourisme et de transport de passagers, ainsi qu&rsquo;une interdiction d\u00e9finitive d&rsquo;exercer une activit\u00e9 professionnelle en lien avec des enfants.<\/p>\n","protected":false},"excerpt":{"rendered":"<p>La conductrice du car scolaire a-t-elle \u00ab\u00a0faut\u00e9\u00a0\u00bb ce jour de d\u00e9cembre 2017, en s&rsquo;engageant sur le passage \u00e0 niveau de Millas? La justice a r\u00e9pondu ce vendredi, cinq ans apr\u00e8s la collision avec un TER qui a co\u00fbt\u00e9 la vie \u00e0 six enfants. Le tribunal correctionnel de Marseille, seule ville avec Paris \u00e0 accueillir un [&hellip;]<\/p>\n","protected":false},"author":2,"featured_media":22997,"comment_status":"open","ping_status":"open","sticky":false,"template":"","format":"standard","meta":{"_jetpack_memberships_contains_paid_content":false,"footnotes":"","jetpack_publicize_message":"","jetpack_publicize_feature_enabled":true,"jetpack_social_post_already_shared":true,"jetpack_social_options":{"image_generator_settings":{"template":"highway","default_image_id":0,"font":"","enabled":false},"version":2},"_wpas_customize_per_network":false},"categories":[405],"tags":[3075],"class_list":["post-22996","post","type-post","status-publish","format-standard","has-post-thumbnail","hentry","category-actu-france-monde","tag-la-conductrice-du-car-scolaire-condamnee-a-cinq-ans-de-prison"],"jetpack_publicize_connections":[],"jetpack_featured_media_url":"https:\/\/i0.wp.com\/www.iceagetv.com\/radiosite\/wp-content\/uploads\/2022\/11\/La-conductrice-du-car-scolaire-condamnee-a-cinq-ans-de-prison-dont-quatre-avec-sursis.jpg?fit=679%2C293&ssl=1","jetpack_sharing_enabled":true,"_links":{"self":[{"href":"https:\/\/www.iceagetv.com\/radiosite\/wp-json\/wp\/v2\/posts\/22996","targetHints":{"allow":["GET"]}}],"collection":[{"href":"https:\/\/www.iceagetv.com\/radiosite\/wp-json\/wp\/v2\/posts"}],"about":[{"href":"https:\/\/www.iceagetv.com\/radiosite\/wp-json\/wp\/v2\/types\/post"}],"author":[{"embeddable":true,"href":"https:\/\/www.iceagetv.com\/radiosite\/wp-json\/wp\/v2\/users\/2"}],"replies":[{"embeddable":true,"href":"https:\/\/www.iceagetv.com\/radiosite\/wp-json\/wp\/v2\/comments?post=22996"}],"version-history":[{"count":1,"href":"https:\/\/www.iceagetv.com\/radiosite\/wp-json\/wp\/v2\/posts\/22996\/revisions"}],"predecessor-version":[{"id":22998,"href":"https:\/\/www.iceagetv.com\/radiosite\/wp-json\/wp\/v2\/posts\/22996\/revisions\/22998"}],"wp:featuredmedia":[{"embeddable":true,"href":"https:\/\/www.iceagetv.com\/radiosite\/wp-json\/wp\/v2\/media\/22997"}],"wp:attachment":[{"href":"https:\/\/www.iceagetv.com\/radiosite\/wp-json\/wp\/v2\/media?parent=22996"}],"wp:term":[{"taxonomy":"category","embeddable":true,"href":"https:\/\/www.iceagetv.com\/radiosite\/wp-json\/wp\/v2\/categories?post=22996"},{"taxonomy":"post_tag","embeddable":true,"href":"https:\/\/www.iceagetv.com\/radiosite\/wp-json\/wp\/v2\/tags?post=22996"}],"curies":[{"name":"wp","href":"https:\/\/api.w.org\/{rel}","templated":true}]}}