{"id":23013,"date":"2022-11-20T19:11:47","date_gmt":"2022-11-20T19:11:47","guid":{"rendered":"http:\/\/www.iceagetv.com\/radiosite\/?p=23013"},"modified":"2022-11-20T19:11:51","modified_gmt":"2022-11-20T19:11:51","slug":"notre-systeme-de-sante-est-bon-mais-il-faut-le-reconstruire-declare-le-ministre-francois-braun","status":"publish","type":"post","link":"https:\/\/www.iceagetv.com\/radiosite\/notre-systeme-de-sante-est-bon-mais-il-faut-le-reconstruire-declare-le-ministre-francois-braun\/","title":{"rendered":"Notre syst\u00e8me de sant\u00e9 est bon\u00bb, mais \u00abil faut le reconstruire\u00bb, d\u00e9clare le ministre Fran\u00e7ois Braun"},"content":{"rendered":"\n<p>Les chantiers sont nombreux. Invit\u00e9 sur le plateau du\u00a0<a rel=\"noreferrer noopener\" href=\"https:\/\/www.google.com\/search?q=le+frand+jury+fran%C3%A7ois+braun&amp;rlz=1C1GCEA_enFR988FR988&amp;oq=le+frand+jury+fran%C3%A7ois+braun&amp;aqs=chrome..69i57j0i271l2j69i60l5.2041j0j7&amp;sourceid=chrome&amp;ie=UTF-8\" target=\"_blank\">Grand Jury RTL-<em>Le Figaro<\/em>-LCI<\/a>\u00a0ce dimanche, le ministre de la Sant\u00e9, Fran\u00e7ois Braun, a \u00e9num\u00e9r\u00e9 les difficult\u00e9s auxquelles la France fait face en mati\u00e8re sanitaire. Le membre du gouvernement l&rsquo;a toutefois assur\u00e9\u00a0: \u00ab<em>Le syst\u00e8me est bon, la base est bonne, maintenant il faut reconstruire.<\/em>\u00bbManque de bras, p\u00e9nurie de m\u00e9dicaments, \u00e9pid\u00e9mies&#8230; depuis des ann\u00e9es,\u00a0<a rel=\"noreferrer noopener\" href=\"https:\/\/www.lefigaro.fr\/vox\/societe\/peut-on-encore-se-vanter-d-avoir-le-meilleur-systeme-de-sante-au-monde-20211102\" target=\"_blank\">le syst\u00e8me de sant\u00e9 fran\u00e7ais montre de plus en plus ses limites<\/a>. \u00ab<em>Le diagnostic, malheureusement, nous le connaissons<\/em>\u00bb, a d&rsquo;ailleurs affirm\u00e9 Fran\u00e7ois Braun, devant le t\u00e9moignage d&rsquo;une soignante \u00e9voquant le manque grandissant de personnel. \u00ab<em>Il est temps d&rsquo;\u00eatre sur des solutions<\/em>\u00bb, a-t-il poursuivi. Le ministre, arriv\u00e9 \u00e0 ce poste au mois de juillet, veut donc \u00ab<em>donner aux soignants une date, une estimation<\/em>\u00bb. \u00ab<em>Je veux leur dire dans six mois, \u00e7a va aller mieux, parce qu&rsquo;on va vous redonner du temps, on va vous redonner du sens \u00e0 votre m\u00e9tier.<\/em>\u00bb<\/p>\n\n\n\n<p>Pour ce faire, Fran\u00e7ois Braun ne souhaite pas tout remettre en question. Au contraire, \u00ab<em>c&rsquo;est un bon syst\u00e8me de sant\u00e9 sur sa structuration, sur la fa\u00e7on dont il est construit avec la s\u00e9curit\u00e9 sociale qui est un bien extr\u00eamement pr\u00e9cieux<\/em>\u00bb. Mais les probl\u00e8mes sont cons\u00e9quents, et celui des soignants ne sera pas \u00ab<em>r\u00e9gl\u00e9 demain en cinq minutes<\/em>\u00bb. \u00ab<em>Il va falloir du temps.<\/em>\u00bb<\/p>\n\n\n\n<p>Le ministre a donc pris les probl\u00e9matiques une par une. Pour les d\u00e9serts m\u00e9dicaux, Fran\u00e7ois Braun continue de plaider pour une ann\u00e9e suppl\u00e9mentaire ajout\u00e9e au cursus des \u00e9tudiants en m\u00e9decine, les obligeant \u00e0 exercer dans les territoires concern\u00e9s.&nbsp;<a href=\"https:\/\/video.lefigaro.fr\/figaro\/video\/deserts-medicaux-imposer-a-un-etudiant-en-medecine-de-finir-sa-formation-dans-des-zones-sous-denses-cest-de-lexploitation\/\" target=\"_blank\" rel=\"noreferrer noopener\">Et ce malgr\u00e9 la r\u00e9ticente des \u00e9tudiants<\/a>. D\u00e8s 2023, le membre du gouvernement veut \u00e9galement \u00ab<em>mettre fin \u00e0 ce syst\u00e8me d\u00e9lirant de l&rsquo;int\u00e9rim en m\u00e9decine avec des int\u00e9rimaires qui font la loi<\/em>\u00bb.<\/p>\n\n\n\n<h2 class=\"wp-block-heading\" id=\"subhead-dee88538-bc30-45e2-9806-f9d5e455d633\">\u00abResponsabilit\u00e9 collective\u00bb<\/h2>\n\n\n\n<p>Concernant&nbsp;<a href=\"https:\/\/www.lefigaro.fr\/sciences\/pourquoi-l-epidemie-de-bronchiolite-est-elle-si-forte-20221111\" target=\"_blank\" rel=\"noreferrer noopener\">l&rsquo;\u00e9pid\u00e9mie de bronchiolite qui touche les tr\u00e8s jeunes enfants<\/a>, les donn\u00e9es \u00ab<em>montrent un infl\u00e9chissement depuis une semaine<\/em>\u00bb. Il ne faut pas pour autant \u00ab<em>se r\u00e9jouir trop vite<\/em>\u00bb, car cela peut \u00eatre \u00ab<em>un effet des derni\u00e8res vacances scolaires<\/em>\u00bb. Mais le plan blanc d\u00e9clench\u00e9 doit continuer de permettre de \u00ab<em>faire travailler tout le monde ensemble<\/em>\u00bb pour r\u00e9pondre \u00e0 cette crise. Le ministre s&rsquo;est \u00e9galement d\u00e9fendu de tout \u00ab<em>tri<\/em>\u00bb des enfants, assurant que cette notion \u00ab<em>a une connotation extr\u00eamement n\u00e9gative<\/em>\u00bb. \u00ab<em>\u00c7a veut dire qu&rsquo;on choisit qui va \u00eatre soign\u00e9 ou pas. Ce n&rsquo;est pas du tout le cas dans le langage m\u00e9dical.<\/em>\u00bb<\/p>\n\n\n\n<p>Sur&nbsp;<a href=\"https:\/\/www.lefigaro.fr\/conjoncture\/l-amoxicilline-tres-prescrit-aux-enfants-en-fortes-tensions-d-approvisionnement-selon-l-ansm-20221118\" target=\"_blank\" rel=\"noreferrer noopener\">la p\u00e9nurie d&rsquo;amoxicilline<\/a>&nbsp;&#8211; antibiotique aussi fr\u00e9quemment utilis\u00e9 pour les enfants -, Fran\u00e7ois Braun a reconnu \u00ab<em>des tensions<\/em>\u00bb sur les stocks. \u00ab<em>Nous avons remobilis\u00e9 l&rsquo;ensemble du secteur<\/em>\u00bb, a-t-il fait savoir, sans pouvoir pour autant pr\u00e9dire un retour \u00e0 la normale pr\u00e9cis. Ce sera \u00ab<em>dans les semaines et mois qui viennent<\/em>, s&rsquo;est-il content\u00e9 de pr\u00e9ciser.&nbsp;<em>Les cha\u00eenes de production tournent \u00e0 plein r\u00e9gime, on ne peut pas aller plus vite.<\/em>\u00bb<\/p>\n","protected":false},"excerpt":{"rendered":"<p>Les chantiers sont nombreux. Invit\u00e9 sur le plateau du\u00a0Grand Jury RTL-Le Figaro-LCI\u00a0ce dimanche, le ministre de la Sant\u00e9, Fran\u00e7ois Braun, a \u00e9num\u00e9r\u00e9 les difficult\u00e9s auxquelles la France fait face en mati\u00e8re sanitaire. Le membre du gouvernement l&rsquo;a toutefois assur\u00e9\u00a0: \u00abLe syst\u00e8me est bon, la base est bonne, maintenant il faut reconstruire.\u00bbManque de bras, p\u00e9nurie de [&hellip;]<\/p>\n","protected":false},"author":2,"featured_media":23014,"comment_status":"open","ping_status":"open","sticky":false,"template":"","format":"standard","meta":{"_jetpack_memberships_contains_paid_content":false,"footnotes":"","jetpack_publicize_message":"","jetpack_publicize_feature_enabled":true,"jetpack_social_post_already_shared":true,"jetpack_social_options":{"image_generator_settings":{"template":"highway","default_image_id":0,"font":"","enabled":false},"version":2},"_wpas_customize_per_network":false},"categories":[405],"tags":[],"class_list":["post-23013","post","type-post","status-publish","format-standard","has-post-thumbnail","hentry","category-actu-france-monde"],"jetpack_publicize_connections":[],"jetpack_featured_media_url":"https:\/\/i0.wp.com\/www.iceagetv.com\/radiosite\/wp-content\/uploads\/2022\/11\/Notre-systeme-de-sante-est-bon.jpg?fit=680%2C357&ssl=1","jetpack_sharing_enabled":true,"_links":{"self":[{"href":"https:\/\/www.iceagetv.com\/radiosite\/wp-json\/wp\/v2\/posts\/23013","targetHints":{"allow":["GET"]}}],"collection":[{"href":"https:\/\/www.iceagetv.com\/radiosite\/wp-json\/wp\/v2\/posts"}],"about":[{"href":"https:\/\/www.iceagetv.com\/radiosite\/wp-json\/wp\/v2\/types\/post"}],"author":[{"embeddable":true,"href":"https:\/\/www.iceagetv.com\/radiosite\/wp-json\/wp\/v2\/users\/2"}],"replies":[{"embeddable":true,"href":"https:\/\/www.iceagetv.com\/radiosite\/wp-json\/wp\/v2\/comments?post=23013"}],"version-history":[{"count":1,"href":"https:\/\/www.iceagetv.com\/radiosite\/wp-json\/wp\/v2\/posts\/23013\/revisions"}],"predecessor-version":[{"id":23015,"href":"https:\/\/www.iceagetv.com\/radiosite\/wp-json\/wp\/v2\/posts\/23013\/revisions\/23015"}],"wp:featuredmedia":[{"embeddable":true,"href":"https:\/\/www.iceagetv.com\/radiosite\/wp-json\/wp\/v2\/media\/23014"}],"wp:attachment":[{"href":"https:\/\/www.iceagetv.com\/radiosite\/wp-json\/wp\/v2\/media?parent=23013"}],"wp:term":[{"taxonomy":"category","embeddable":true,"href":"https:\/\/www.iceagetv.com\/radiosite\/wp-json\/wp\/v2\/categories?post=23013"},{"taxonomy":"post_tag","embeddable":true,"href":"https:\/\/www.iceagetv.com\/radiosite\/wp-json\/wp\/v2\/tags?post=23013"}],"curies":[{"name":"wp","href":"https:\/\/api.w.org\/{rel}","templated":true}]}}